{"id":1258,"date":"2012-04-11T20:22:50","date_gmt":"2012-04-11T19:22:50","guid":{"rendered":"http:\/\/www.wsc-schwimmen.at\/wp\/?p=1258"},"modified":"2013-07-04T08:33:38","modified_gmt":"2013-07-04T07:33:38","slug":"viren-verpatzten-wm-generalprobe-in-gera","status":"publish","type":"post","link":"https:\/\/www.wsc-schwimmen.at\/wp\/?p=1258","title":{"rendered":"Viren verpatzten WM Generalprobe in Gera"},"content":{"rendered":"<p>Zum zweiten Mal fuhr der WSC Anfang M\u00e4rz nach <strong>Gera (Th\u00fcringen)<\/strong>, um den ersten Langbahnwettkampf der Saison zu bestreiten. Somit galt dieses Meeting 3 Monate vor der <strong>Weltmeisterschaft<\/strong> als wichtiger Test, ob der Fahrplan Richtung <strong>Riccione<\/strong> stimmt. Doch dann schlug der (Schweine-)Grippevirus zu und befiel nahezu die gesamte Mannschaft, zumindest jenen Teil, der sich ohnehin nicht schon mit Verletzungen in den letzten Wochen herumschlagen musste. Dennoch bleiben ein paar gute Leistungen \u00fcbrig, doch im Gro\u00dfen und Ganzen fuhr man doch entt\u00e4uscht heim. Sorgen muss man sich aber trotzdem (noch) keine machen.<\/p>\n<p>Eigentlich wollten Magdalena St\u00f6ttner, Ulrike Greiner, Peter Polak und Wolfgang Raml, unterst\u00fctzt von Christian Pischl\u00f6ger (frisch gebackener 3-facher serbischer Masters Meister), mit einigen programmierten Bestzeiten Selbstvertrauen f\u00fcr die WM tanken. Doch Bestzeiten hielten sich diesmal zur\u00fcck, bzw. zeigten sich &#8222;nur&#8220; auf den Nebenstrecken. Somit muss man, trotz krankheitsbedingten Verst\u00e4ndniss auf die gewonnene Motivation hoffen, die verbleibende Zeit bestm\u00f6glich zu nutzen.<\/p>\n<p>Am Ende bleiben <strong>6 Silber- und 5 Bronzemedaillen<\/strong> und zum bereits zweiten Mal ein toller Ausflug nach Th\u00fcringen, zu unseren Freunden des <a title=\"Vfl Gera 1990\" href=\"http:\/\/www.vfl1990gera.de\/Schwimmen\/\" target=\"_blank\">VfL Gera 1990<\/a> sowie (wieder) eine kulinarisch bemerkenswerte <a href=\"http:\/\/www.koestritzer.de\" target=\"_blank\">Erinnerung<\/a> f\u00fcr alle&#8230;.<\/p>\n<p><span style=\"text-decoration: underline;\"><strong>Impressionen:<\/strong><\/span><\/p>\n<div id=\"attachment_1260\" style=\"width: 410px\" class=\"wp-caption alignnone\"><a href=\"http:\/\/www.wsc-schwimmen.at\/wp\/wp-content\/uploads\/2012\/04\/Bad1.jpg\"><img loading=\"lazy\" decoding=\"async\" aria-describedby=\"caption-attachment-1260\" data-attachment-id=\"1260\" data-permalink=\"https:\/\/www.wsc-schwimmen.at\/wp\/?attachment_id=1260\" data-orig-file=\"https:\/\/www.wsc-schwimmen.at\/wp\/wp-content\/uploads\/2012\/04\/Bad1.jpg\" data-orig-size=\"3997,2426\" data-comments-opened=\"1\" data-image-meta=\"{&quot;aperture&quot;:&quot;3.2&quot;,&quot;credit&quot;:&quot;&quot;,&quot;camera&quot;:&quot;EX-H10&quot;,&quot;caption&quot;:&quot;&quot;,&quot;created_timestamp&quot;:&quot;1331371080&quot;,&quot;copyright&quot;:&quot;&quot;,&quot;focal_length&quot;:&quot;4.3&quot;,&quot;iso&quot;:&quot;160&quot;,&quot;shutter_speed&quot;:&quot;0.0166666666667&quot;,&quot;title&quot;:&quot;&quot;}\" data-image-title=\"Bad1\" data-image-description=\"\" data-image-caption=\"&lt;p&gt;Das Hofwiesenbad in Gera, hell, freundlich, lang&amp;#8230;&lt;\/p&gt;\n\" data-large-file=\"https:\/\/www.wsc-schwimmen.at\/wp\/wp-content\/uploads\/2012\/04\/Bad1-1024x621.jpg\" class=\"size-medium wp-image-1260\" title=\"Bad1\" alt=\"\" src=\"http:\/\/www.wsc-schwimmen.at\/wp\/wp-content\/uploads\/2012\/04\/Bad1-400x242.jpg\" width=\"400\" height=\"242\" srcset=\"https:\/\/www.wsc-schwimmen.at\/wp\/wp-content\/uploads\/2012\/04\/Bad1-400x242.jpg 400w, https:\/\/www.wsc-schwimmen.at\/wp\/wp-content\/uploads\/2012\/04\/Bad1-1024x621.jpg 1024w\" sizes=\"auto, (max-width: 400px) 100vw, 400px\" \/><\/a><p id=\"caption-attachment-1260\" class=\"wp-caption-text\">Das Hofwiesenbad in Gera, hell, freundlich, lang, &#8230;<\/p><\/div>\n<p>&nbsp;<\/p>\n<div id=\"attachment_1261\" style=\"width: 410px\" class=\"wp-caption alignnone\"><a href=\"http:\/\/www.wsc-schwimmen.at\/wp\/wp-content\/uploads\/2012\/04\/Bad2.jpg\"><img loading=\"lazy\" decoding=\"async\" aria-describedby=\"caption-attachment-1261\" data-attachment-id=\"1261\" data-permalink=\"https:\/\/www.wsc-schwimmen.at\/wp\/?attachment_id=1261\" data-orig-file=\"https:\/\/www.wsc-schwimmen.at\/wp\/wp-content\/uploads\/2012\/04\/Bad2.jpg\" data-orig-size=\"3645,2066\" data-comments-opened=\"1\" data-image-meta=\"{&quot;aperture&quot;:&quot;3&quot;,&quot;credit&quot;:&quot;&quot;,&quot;camera&quot;:&quot;WB2000&quot;,&quot;caption&quot;:&quot;&quot;,&quot;created_timestamp&quot;:&quot;1331398593&quot;,&quot;copyright&quot;:&quot;&quot;,&quot;focal_length&quot;:&quot;5.1&quot;,&quot;iso&quot;:&quot;120&quot;,&quot;shutter_speed&quot;:&quot;0.0333333333333&quot;,&quot;title&quot;:&quot;&quot;}\" data-image-title=\"Bad2\" data-image-description=\"\" data-image-caption=\"&lt;p&gt;etwas tr\u00e4ge und viele nette und schnelle Leute rund herum.&lt;\/p&gt;\n\" data-large-file=\"https:\/\/www.wsc-schwimmen.at\/wp\/wp-content\/uploads\/2012\/04\/Bad2-1024x580.jpg\" class=\"size-medium wp-image-1261\" title=\"Bad2\" alt=\"\" src=\"http:\/\/www.wsc-schwimmen.at\/wp\/wp-content\/uploads\/2012\/04\/Bad2-400x226.jpg\" width=\"400\" height=\"226\" srcset=\"https:\/\/www.wsc-schwimmen.at\/wp\/wp-content\/uploads\/2012\/04\/Bad2-400x226.jpg 400w, https:\/\/www.wsc-schwimmen.at\/wp\/wp-content\/uploads\/2012\/04\/Bad2-1024x580.jpg 1024w\" sizes=\"auto, (max-width: 400px) 100vw, 400px\" \/><\/a><p id=\"caption-attachment-1261\" class=\"wp-caption-text\">&#8230; etwas tr\u00e4ge und viele nette, schnelle Leute rund herum.<\/p><\/div>\n<p>&nbsp;<\/p>\n<div id=\"attachment_1266\" style=\"width: 410px\" class=\"wp-caption alignnone\"><a href=\"http:\/\/www.wsc-schwimmen.at\/wp\/wp-content\/uploads\/2012\/04\/Staffel.jpg\"><img loading=\"lazy\" decoding=\"async\" aria-describedby=\"caption-attachment-1266\" data-attachment-id=\"1266\" data-permalink=\"https:\/\/www.wsc-schwimmen.at\/wp\/?attachment_id=1266\" data-orig-file=\"https:\/\/www.wsc-schwimmen.at\/wp\/wp-content\/uploads\/2012\/04\/Staffel.jpg\" data-orig-size=\"2904,2064\" data-comments-opened=\"1\" data-image-meta=\"{&quot;aperture&quot;:&quot;3.2&quot;,&quot;credit&quot;:&quot;&quot;,&quot;camera&quot;:&quot;EX-H10&quot;,&quot;caption&quot;:&quot;&quot;,&quot;created_timestamp&quot;:&quot;1331472778&quot;,&quot;copyright&quot;:&quot;&quot;,&quot;focal_length&quot;:&quot;4.3&quot;,&quot;iso&quot;:&quot;200&quot;,&quot;shutter_speed&quot;:&quot;0.0166666666667&quot;,&quot;title&quot;:&quot;&quot;}\" data-image-title=\"Staffel\" data-image-description=\"\" data-image-caption=\"\" data-large-file=\"https:\/\/www.wsc-schwimmen.at\/wp\/wp-content\/uploads\/2012\/04\/Staffel-1024x727.jpg\" class=\"size-medium wp-image-1266\" title=\"Staffel\" alt=\"\" src=\"http:\/\/www.wsc-schwimmen.at\/wp\/wp-content\/uploads\/2012\/04\/Staffel-400x284.jpg\" width=\"400\" height=\"284\" srcset=\"https:\/\/www.wsc-schwimmen.at\/wp\/wp-content\/uploads\/2012\/04\/Staffel-400x284.jpg 400w, https:\/\/www.wsc-schwimmen.at\/wp\/wp-content\/uploads\/2012\/04\/Staffel-1024x727.jpg 1024w\" sizes=\"auto, (max-width: 400px) 100vw, 400px\" \/><\/a><p id=\"caption-attachment-1266\" class=\"wp-caption-text\">Die WM Lagenstaffel war noch nicht in WM Form<\/p><\/div>\n<p>&nbsp;<\/p>\n<div id=\"attachment_1264\" style=\"width: 379px\" class=\"wp-caption alignnone\"><a href=\"http:\/\/www.wsc-schwimmen.at\/wp\/wp-content\/uploads\/2012\/04\/Magdy.jpg\"><img loading=\"lazy\" decoding=\"async\" aria-describedby=\"caption-attachment-1264\" data-attachment-id=\"1264\" data-permalink=\"https:\/\/www.wsc-schwimmen.at\/wp\/?attachment_id=1264\" data-orig-file=\"https:\/\/www.wsc-schwimmen.at\/wp\/wp-content\/uploads\/2012\/04\/Magdy.jpg\" data-orig-size=\"2579,2093\" data-comments-opened=\"1\" data-image-meta=\"{&quot;aperture&quot;:&quot;3.2&quot;,&quot;credit&quot;:&quot;&quot;,&quot;camera&quot;:&quot;EX-H10&quot;,&quot;caption&quot;:&quot;&quot;,&quot;created_timestamp&quot;:&quot;1331468983&quot;,&quot;copyright&quot;:&quot;&quot;,&quot;focal_length&quot;:&quot;4.3&quot;,&quot;iso&quot;:&quot;250&quot;,&quot;shutter_speed&quot;:&quot;0.0166666666667&quot;,&quot;title&quot;:&quot;&quot;}\" data-image-title=\"Magdy\" data-image-description=\"\" data-image-caption=\"\" data-large-file=\"https:\/\/www.wsc-schwimmen.at\/wp\/wp-content\/uploads\/2012\/04\/Magdy-1024x831.jpg\" class=\"size-medium wp-image-1264\" title=\"Magdy\" alt=\"\" src=\"http:\/\/www.wsc-schwimmen.at\/wp\/wp-content\/uploads\/2012\/04\/Magdy-369x300.jpg\" width=\"369\" height=\"300\" srcset=\"https:\/\/www.wsc-schwimmen.at\/wp\/wp-content\/uploads\/2012\/04\/Magdy-369x300.jpg 369w, https:\/\/www.wsc-schwimmen.at\/wp\/wp-content\/uploads\/2012\/04\/Magdy-1024x831.jpg 1024w\" sizes=\"auto, (max-width: 369px) 100vw, 369px\" \/><\/a><p id=\"caption-attachment-1264\" class=\"wp-caption-text\">ein(s von zwei) Silber da &#8230;<\/p><\/div>\n<p>&nbsp;<\/p>\n<div id=\"attachment_1268\" style=\"width: 410px\" class=\"wp-caption alignnone\"><a href=\"http:\/\/www.wsc-schwimmen.at\/wp\/wp-content\/uploads\/2012\/04\/Wolfgang.jpg\"><img loading=\"lazy\" decoding=\"async\" aria-describedby=\"caption-attachment-1268\" data-attachment-id=\"1268\" data-permalink=\"https:\/\/www.wsc-schwimmen.at\/wp\/?attachment_id=1268\" data-orig-file=\"https:\/\/www.wsc-schwimmen.at\/wp\/wp-content\/uploads\/2012\/04\/Wolfgang.jpg\" data-orig-size=\"3265,2430\" data-comments-opened=\"1\" data-image-meta=\"{&quot;aperture&quot;:&quot;3.6&quot;,&quot;credit&quot;:&quot;&quot;,&quot;camera&quot;:&quot;EX-H10&quot;,&quot;caption&quot;:&quot;&quot;,&quot;created_timestamp&quot;:&quot;1331381638&quot;,&quot;copyright&quot;:&quot;&quot;,&quot;focal_length&quot;:&quot;6.1&quot;,&quot;iso&quot;:&quot;160&quot;,&quot;shutter_speed&quot;:&quot;0.0166666666667&quot;,&quot;title&quot;:&quot;&quot;}\" data-image-title=\"Wolfgang\" data-image-description=\"\" data-image-caption=\"&lt;p&gt;und schlu\u00dfendlich noch ein Silber.&lt;\/p&gt;\n\" data-large-file=\"https:\/\/www.wsc-schwimmen.at\/wp\/wp-content\/uploads\/2012\/04\/Wolfgang-1024x762.jpg\" class=\"size-medium wp-image-1268\" title=\"Wolfgang\" alt=\"\" src=\"http:\/\/www.wsc-schwimmen.at\/wp\/wp-content\/uploads\/2012\/04\/Wolfgang-400x297.jpg\" width=\"400\" height=\"297\" srcset=\"https:\/\/www.wsc-schwimmen.at\/wp\/wp-content\/uploads\/2012\/04\/Wolfgang-400x297.jpg 400w, https:\/\/www.wsc-schwimmen.at\/wp\/wp-content\/uploads\/2012\/04\/Wolfgang-1024x762.jpg 1024w\" sizes=\"auto, (max-width: 400px) 100vw, 400px\" \/><\/a><p id=\"caption-attachment-1268\" class=\"wp-caption-text\">und schlu\u00dfendlich noch ein Silber.<\/p><\/div>\n<p>&nbsp;<\/p>\n<div id=\"attachment_1265\" style=\"width: 394px\" class=\"wp-caption alignnone\"><a href=\"http:\/\/www.wsc-schwimmen.at\/wp\/wp-content\/uploads\/2012\/04\/Peter.jpg\"><img loading=\"lazy\" decoding=\"async\" aria-describedby=\"caption-attachment-1265\" data-attachment-id=\"1265\" data-permalink=\"https:\/\/www.wsc-schwimmen.at\/wp\/?attachment_id=1265\" data-orig-file=\"https:\/\/www.wsc-schwimmen.at\/wp\/wp-content\/uploads\/2012\/04\/Peter.jpg\" data-orig-size=\"3101,2421\" data-comments-opened=\"1\" data-image-meta=\"{&quot;aperture&quot;:&quot;3.2&quot;,&quot;credit&quot;:&quot;&quot;,&quot;camera&quot;:&quot;EX-H10&quot;,&quot;caption&quot;:&quot;&quot;,&quot;created_timestamp&quot;:&quot;1331381570&quot;,&quot;copyright&quot;:&quot;&quot;,&quot;focal_length&quot;:&quot;4.3&quot;,&quot;iso&quot;:&quot;100&quot;,&quot;shutter_speed&quot;:&quot;0.0166666666667&quot;,&quot;title&quot;:&quot;&quot;}\" data-image-title=\"Peter\" data-image-description=\"\" data-image-caption=\"&lt;p&gt;Und Bronze in einer sehr stark besetzen AK50 !&lt;\/p&gt;\n\" data-large-file=\"https:\/\/www.wsc-schwimmen.at\/wp\/wp-content\/uploads\/2012\/04\/Peter-1024x799.jpg\" class=\"size-medium wp-image-1265\" title=\"Peter\" alt=\"\" src=\"http:\/\/www.wsc-schwimmen.at\/wp\/wp-content\/uploads\/2012\/04\/Peter-384x300.jpg\" width=\"384\" height=\"300\" srcset=\"https:\/\/www.wsc-schwimmen.at\/wp\/wp-content\/uploads\/2012\/04\/Peter-384x300.jpg 384w, https:\/\/www.wsc-schwimmen.at\/wp\/wp-content\/uploads\/2012\/04\/Peter-1024x799.jpg 1024w\" sizes=\"auto, (max-width: 384px) 100vw, 384px\" \/><\/a><p id=\"caption-attachment-1265\" class=\"wp-caption-text\">Und Bronze in einer sehr stark besetzen AK50 !<\/p><\/div>\n","protected":false},"excerpt":{"rendered":"<p>Zum zweiten Mal fuhr der WSC Anfang M\u00e4rz nach Gera (Th\u00fcringen), um den ersten Langbahnwettkampf der Saison zu bestreiten. Somit galt dieses Meeting 3 Monate vor der Weltmeisterschaft als wichtiger Test, ob der Fahrplan Richtung Riccione stimmt. Doch dann schlug der (Schweine-)Grippevirus zu und befiel nahezu die gesamte Mannschaft, zumindest jenen Teil, der sich ohnehin [&hellip;]<\/p>\n","protected":false},"author":1,"featured_media":0,"comment_status":"open","ping_status":"closed","sticky":false,"template":"","format":"standard","meta":{"jetpack_post_was_ever_published":false,"_jetpack_newsletter_access":"","_jetpack_dont_email_post_to_subs":false,"_jetpack_newsletter_tier_id":0,"_jetpack_memberships_contains_paywalled_content":false,"_jetpack_memberships_contains_paid_content":false,"footnotes":"","jetpack_publicize_message":"","jetpack_publicize_feature_enabled":true,"jetpack_social_post_already_shared":false,"jetpack_social_options":{"image_generator_settings":{"template":"highway","default_image_id":0,"font":"","enabled":false},"version":2}},"categories":[1],"tags":[],"class_list":["post-1258","post","type-post","status-publish","format-standard","hentry","category-berichte"],"yoast_head":"<!-- This site is optimized with the Yoast SEO plugin v27.5 - https:\/\/yoast.com\/product\/yoast-seo-wordpress\/ -->\n<title>Viren verpatzten WM Generalprobe in Gera - Wiener Sport-Club - Sektion Schwimmen<\/title>\n<meta name=\"robots\" content=\"index, follow, max-snippet:-1, max-image-preview:large, max-video-preview:-1\" \/>\n<link rel=\"canonical\" href=\"https:\/\/www.wsc-schwimmen.at\/wp\/?p=1258\" \/>\n<meta property=\"og:locale\" content=\"de_DE\" \/>\n<meta property=\"og:type\" content=\"article\" \/>\n<meta property=\"og:title\" content=\"Viren verpatzten WM Generalprobe in Gera - Wiener Sport-Club - Sektion Schwimmen\" \/>\n<meta property=\"og:description\" content=\"Zum zweiten Mal fuhr der WSC Anfang M\u00e4rz nach Gera (Th\u00fcringen), um den ersten Langbahnwettkampf der Saison zu bestreiten. Somit galt dieses Meeting 3 Monate vor der Weltmeisterschaft als wichtiger Test, ob der Fahrplan Richtung Riccione stimmt. Doch dann schlug der (Schweine-)Grippevirus zu und befiel nahezu die gesamte Mannschaft, zumindest jenen Teil, der sich ohnehin [&hellip;]\" \/>\n<meta property=\"og:url\" content=\"https:\/\/www.wsc-schwimmen.at\/wp\/?p=1258\" \/>\n<meta property=\"og:site_name\" content=\"Wiener Sport-Club - Sektion Schwimmen\" \/>\n<meta property=\"article:publisher\" content=\"https:\/\/www.facebook.com\/wsc.schwimmen\" \/>\n<meta property=\"article:published_time\" content=\"2012-04-11T19:22:50+00:00\" \/>\n<meta property=\"article:modified_time\" content=\"2013-07-04T07:33:38+00:00\" \/>\n<meta property=\"og:image\" content=\"http:\/\/www.wsc-schwimmen.at\/wp\/wp-content\/uploads\/2012\/04\/Bad1-400x242.jpg\" \/>\n<meta name=\"author\" content=\"admin\" \/>\n<meta name=\"twitter:card\" content=\"summary_large_image\" \/>\n<meta name=\"twitter:label1\" content=\"Verfasst von\" \/>\n\t<meta name=\"twitter:data1\" content=\"admin\" \/>\n\t<meta name=\"twitter:label2\" content=\"Gesch\u00e4tzte Lesezeit\" \/>\n\t<meta name=\"twitter:data2\" content=\"1\u00a0Minute\" \/>\n<script type=\"application\/ld+json\" class=\"yoast-schema-graph\">{\"@context\":\"https:\\\/\\\/schema.org\",\"@graph\":[{\"@type\":\"Article\",\"@id\":\"https:\\\/\\\/www.wsc-schwimmen.at\\\/wp\\\/?p=1258#article\",\"isPartOf\":{\"@id\":\"https:\\\/\\\/www.wsc-schwimmen.at\\\/wp\\\/?p=1258\"},\"author\":{\"name\":\"admin\",\"@id\":\"https:\\\/\\\/www.wsc-schwimmen.at\\\/wp\\\/#\\\/schema\\\/person\\\/d3e14ad70bd903c29d4d35cee6723746\"},\"headline\":\"Viren verpatzten WM Generalprobe in Gera\",\"datePublished\":\"2012-04-11T19:22:50+00:00\",\"dateModified\":\"2013-07-04T07:33:38+00:00\",\"mainEntityOfPage\":{\"@id\":\"https:\\\/\\\/www.wsc-schwimmen.at\\\/wp\\\/?p=1258\"},\"wordCount\":294,\"commentCount\":0,\"publisher\":{\"@id\":\"https:\\\/\\\/www.wsc-schwimmen.at\\\/wp\\\/#organization\"},\"image\":{\"@id\":\"https:\\\/\\\/www.wsc-schwimmen.at\\\/wp\\\/?p=1258#primaryimage\"},\"thumbnailUrl\":\"http:\\\/\\\/www.wsc-schwimmen.at\\\/wp\\\/wp-content\\\/uploads\\\/2012\\\/04\\\/Bad1-400x242.jpg\",\"articleSection\":[\"Berichte\"],\"inLanguage\":\"de\",\"potentialAction\":[{\"@type\":\"CommentAction\",\"name\":\"Comment\",\"target\":[\"https:\\\/\\\/www.wsc-schwimmen.at\\\/wp\\\/?p=1258#respond\"]}]},{\"@type\":\"WebPage\",\"@id\":\"https:\\\/\\\/www.wsc-schwimmen.at\\\/wp\\\/?p=1258\",\"url\":\"https:\\\/\\\/www.wsc-schwimmen.at\\\/wp\\\/?p=1258\",\"name\":\"Viren verpatzten WM Generalprobe in Gera - Wiener Sport-Club - Sektion Schwimmen\",\"isPartOf\":{\"@id\":\"https:\\\/\\\/www.wsc-schwimmen.at\\\/wp\\\/#website\"},\"primaryImageOfPage\":{\"@id\":\"https:\\\/\\\/www.wsc-schwimmen.at\\\/wp\\\/?p=1258#primaryimage\"},\"image\":{\"@id\":\"https:\\\/\\\/www.wsc-schwimmen.at\\\/wp\\\/?p=1258#primaryimage\"},\"thumbnailUrl\":\"http:\\\/\\\/www.wsc-schwimmen.at\\\/wp\\\/wp-content\\\/uploads\\\/2012\\\/04\\\/Bad1-400x242.jpg\",\"datePublished\":\"2012-04-11T19:22:50+00:00\",\"dateModified\":\"2013-07-04T07:33:38+00:00\",\"breadcrumb\":{\"@id\":\"https:\\\/\\\/www.wsc-schwimmen.at\\\/wp\\\/?p=1258#breadcrumb\"},\"inLanguage\":\"de\",\"potentialAction\":[{\"@type\":\"ReadAction\",\"target\":[\"https:\\\/\\\/www.wsc-schwimmen.at\\\/wp\\\/?p=1258\"]}]},{\"@type\":\"ImageObject\",\"inLanguage\":\"de\",\"@id\":\"https:\\\/\\\/www.wsc-schwimmen.at\\\/wp\\\/?p=1258#primaryimage\",\"url\":\"https:\\\/\\\/www.wsc-schwimmen.at\\\/wp\\\/wp-content\\\/uploads\\\/2012\\\/04\\\/Bad1.jpg\",\"contentUrl\":\"https:\\\/\\\/www.wsc-schwimmen.at\\\/wp\\\/wp-content\\\/uploads\\\/2012\\\/04\\\/Bad1.jpg\",\"width\":\"3997\",\"height\":\"2426\",\"caption\":\"Das Hofwiesenbad in Gera, hell, freundlich, lang...\"},{\"@type\":\"BreadcrumbList\",\"@id\":\"https:\\\/\\\/www.wsc-schwimmen.at\\\/wp\\\/?p=1258#breadcrumb\",\"itemListElement\":[{\"@type\":\"ListItem\",\"position\":1,\"name\":\"Startseite\",\"item\":\"https:\\\/\\\/www.wsc-schwimmen.at\\\/wp\"},{\"@type\":\"ListItem\",\"position\":2,\"name\":\"Viren verpatzten WM Generalprobe in Gera\"}]},{\"@type\":\"WebSite\",\"@id\":\"https:\\\/\\\/www.wsc-schwimmen.at\\\/wp\\\/#website\",\"url\":\"https:\\\/\\\/www.wsc-schwimmen.at\\\/wp\\\/\",\"name\":\"Wiener Sport-Club - Sektion Schwimmen\",\"description\":\"Swimming Team\",\"publisher\":{\"@id\":\"https:\\\/\\\/www.wsc-schwimmen.at\\\/wp\\\/#organization\"},\"potentialAction\":[{\"@type\":\"SearchAction\",\"target\":{\"@type\":\"EntryPoint\",\"urlTemplate\":\"https:\\\/\\\/www.wsc-schwimmen.at\\\/wp\\\/?s={search_term_string}\"},\"query-input\":{\"@type\":\"PropertyValueSpecification\",\"valueRequired\":true,\"valueName\":\"search_term_string\"}}],\"inLanguage\":\"de\"},{\"@type\":\"Organization\",\"@id\":\"https:\\\/\\\/www.wsc-schwimmen.at\\\/wp\\\/#organization\",\"name\":\"Wiener Sport-Club Schwimmen\",\"url\":\"https:\\\/\\\/www.wsc-schwimmen.at\\\/wp\\\/\",\"logo\":{\"@type\":\"ImageObject\",\"inLanguage\":\"de\",\"@id\":\"https:\\\/\\\/www.wsc-schwimmen.at\\\/wp\\\/#\\\/schema\\\/logo\\\/image\\\/\",\"url\":\"https:\\\/\\\/www.wsc-schwimmen.at\\\/wp\\\/wp-content\\\/uploads\\\/2011\\\/01\\\/wsc_wappen_kl.gif\",\"contentUrl\":\"https:\\\/\\\/www.wsc-schwimmen.at\\\/wp\\\/wp-content\\\/uploads\\\/2011\\\/01\\\/wsc_wappen_kl.gif\",\"width\":\"118\",\"height\":\"118\",\"caption\":\"Wiener Sport-Club Schwimmen\"},\"image\":{\"@id\":\"https:\\\/\\\/www.wsc-schwimmen.at\\\/wp\\\/#\\\/schema\\\/logo\\\/image\\\/\"},\"sameAs\":[\"https:\\\/\\\/www.facebook.com\\\/wsc.schwimmen\",\"https:\\\/\\\/de.wikipedia.org\\\/wiki\\\/Wiener_Sport-Club\"]},{\"@type\":\"Person\",\"@id\":\"https:\\\/\\\/www.wsc-schwimmen.at\\\/wp\\\/#\\\/schema\\\/person\\\/d3e14ad70bd903c29d4d35cee6723746\",\"name\":\"admin\",\"url\":\"https:\\\/\\\/www.wsc-schwimmen.at\\\/wp\\\/?author=1\"}]}<\/script>\n<!-- \/ Yoast SEO plugin. -->","yoast_head_json":{"title":"Viren verpatzten WM Generalprobe in Gera - Wiener Sport-Club - Sektion Schwimmen","robots":{"index":"index","follow":"follow","max-snippet":"max-snippet:-1","max-image-preview":"max-image-preview:large","max-video-preview":"max-video-preview:-1"},"canonical":"https:\/\/www.wsc-schwimmen.at\/wp\/?p=1258","og_locale":"de_DE","og_type":"article","og_title":"Viren verpatzten WM Generalprobe in Gera - Wiener Sport-Club - Sektion Schwimmen","og_description":"Zum zweiten Mal fuhr der WSC Anfang M\u00e4rz nach Gera (Th\u00fcringen), um den ersten Langbahnwettkampf der Saison zu bestreiten. Somit galt dieses Meeting 3 Monate vor der Weltmeisterschaft als wichtiger Test, ob der Fahrplan Richtung Riccione stimmt. Doch dann schlug der (Schweine-)Grippevirus zu und befiel nahezu die gesamte Mannschaft, zumindest jenen Teil, der sich ohnehin [&hellip;]","og_url":"https:\/\/www.wsc-schwimmen.at\/wp\/?p=1258","og_site_name":"Wiener Sport-Club - Sektion Schwimmen","article_publisher":"https:\/\/www.facebook.com\/wsc.schwimmen","article_published_time":"2012-04-11T19:22:50+00:00","article_modified_time":"2013-07-04T07:33:38+00:00","og_image":[{"url":"http:\/\/www.wsc-schwimmen.at\/wp\/wp-content\/uploads\/2012\/04\/Bad1-400x242.jpg","type":"","width":"","height":""}],"author":"admin","twitter_card":"summary_large_image","twitter_misc":{"Verfasst von":"admin","Gesch\u00e4tzte Lesezeit":"1\u00a0Minute"},"schema":{"@context":"https:\/\/schema.org","@graph":[{"@type":"Article","@id":"https:\/\/www.wsc-schwimmen.at\/wp\/?p=1258#article","isPartOf":{"@id":"https:\/\/www.wsc-schwimmen.at\/wp\/?p=1258"},"author":{"name":"admin","@id":"https:\/\/www.wsc-schwimmen.at\/wp\/#\/schema\/person\/d3e14ad70bd903c29d4d35cee6723746"},"headline":"Viren verpatzten WM Generalprobe in Gera","datePublished":"2012-04-11T19:22:50+00:00","dateModified":"2013-07-04T07:33:38+00:00","mainEntityOfPage":{"@id":"https:\/\/www.wsc-schwimmen.at\/wp\/?p=1258"},"wordCount":294,"commentCount":0,"publisher":{"@id":"https:\/\/www.wsc-schwimmen.at\/wp\/#organization"},"image":{"@id":"https:\/\/www.wsc-schwimmen.at\/wp\/?p=1258#primaryimage"},"thumbnailUrl":"http:\/\/www.wsc-schwimmen.at\/wp\/wp-content\/uploads\/2012\/04\/Bad1-400x242.jpg","articleSection":["Berichte"],"inLanguage":"de","potentialAction":[{"@type":"CommentAction","name":"Comment","target":["https:\/\/www.wsc-schwimmen.at\/wp\/?p=1258#respond"]}]},{"@type":"WebPage","@id":"https:\/\/www.wsc-schwimmen.at\/wp\/?p=1258","url":"https:\/\/www.wsc-schwimmen.at\/wp\/?p=1258","name":"Viren verpatzten WM Generalprobe in Gera - Wiener Sport-Club - Sektion Schwimmen","isPartOf":{"@id":"https:\/\/www.wsc-schwimmen.at\/wp\/#website"},"primaryImageOfPage":{"@id":"https:\/\/www.wsc-schwimmen.at\/wp\/?p=1258#primaryimage"},"image":{"@id":"https:\/\/www.wsc-schwimmen.at\/wp\/?p=1258#primaryimage"},"thumbnailUrl":"http:\/\/www.wsc-schwimmen.at\/wp\/wp-content\/uploads\/2012\/04\/Bad1-400x242.jpg","datePublished":"2012-04-11T19:22:50+00:00","dateModified":"2013-07-04T07:33:38+00:00","breadcrumb":{"@id":"https:\/\/www.wsc-schwimmen.at\/wp\/?p=1258#breadcrumb"},"inLanguage":"de","potentialAction":[{"@type":"ReadAction","target":["https:\/\/www.wsc-schwimmen.at\/wp\/?p=1258"]}]},{"@type":"ImageObject","inLanguage":"de","@id":"https:\/\/www.wsc-schwimmen.at\/wp\/?p=1258#primaryimage","url":"https:\/\/www.wsc-schwimmen.at\/wp\/wp-content\/uploads\/2012\/04\/Bad1.jpg","contentUrl":"https:\/\/www.wsc-schwimmen.at\/wp\/wp-content\/uploads\/2012\/04\/Bad1.jpg","width":"3997","height":"2426","caption":"Das Hofwiesenbad in Gera, hell, freundlich, lang..."},{"@type":"BreadcrumbList","@id":"https:\/\/www.wsc-schwimmen.at\/wp\/?p=1258#breadcrumb","itemListElement":[{"@type":"ListItem","position":1,"name":"Startseite","item":"https:\/\/www.wsc-schwimmen.at\/wp"},{"@type":"ListItem","position":2,"name":"Viren verpatzten WM Generalprobe in Gera"}]},{"@type":"WebSite","@id":"https:\/\/www.wsc-schwimmen.at\/wp\/#website","url":"https:\/\/www.wsc-schwimmen.at\/wp\/","name":"Wiener Sport-Club - Sektion Schwimmen","description":"Swimming Team","publisher":{"@id":"https:\/\/www.wsc-schwimmen.at\/wp\/#organization"},"potentialAction":[{"@type":"SearchAction","target":{"@type":"EntryPoint","urlTemplate":"https:\/\/www.wsc-schwimmen.at\/wp\/?s={search_term_string}"},"query-input":{"@type":"PropertyValueSpecification","valueRequired":true,"valueName":"search_term_string"}}],"inLanguage":"de"},{"@type":"Organization","@id":"https:\/\/www.wsc-schwimmen.at\/wp\/#organization","name":"Wiener Sport-Club Schwimmen","url":"https:\/\/www.wsc-schwimmen.at\/wp\/","logo":{"@type":"ImageObject","inLanguage":"de","@id":"https:\/\/www.wsc-schwimmen.at\/wp\/#\/schema\/logo\/image\/","url":"https:\/\/www.wsc-schwimmen.at\/wp\/wp-content\/uploads\/2011\/01\/wsc_wappen_kl.gif","contentUrl":"https:\/\/www.wsc-schwimmen.at\/wp\/wp-content\/uploads\/2011\/01\/wsc_wappen_kl.gif","width":"118","height":"118","caption":"Wiener Sport-Club Schwimmen"},"image":{"@id":"https:\/\/www.wsc-schwimmen.at\/wp\/#\/schema\/logo\/image\/"},"sameAs":["https:\/\/www.facebook.com\/wsc.schwimmen","https:\/\/de.wikipedia.org\/wiki\/Wiener_Sport-Club"]},{"@type":"Person","@id":"https:\/\/www.wsc-schwimmen.at\/wp\/#\/schema\/person\/d3e14ad70bd903c29d4d35cee6723746","name":"admin","url":"https:\/\/www.wsc-schwimmen.at\/wp\/?author=1"}]}},"jetpack_publicize_connections":[],"jetpack_featured_media_url":"","jetpack_sharing_enabled":true,"jetpack_shortlink":"https:\/\/wp.me\/p8Z6fd-ki","jetpack-related-posts":[],"_links":{"self":[{"href":"https:\/\/www.wsc-schwimmen.at\/wp\/index.php?rest_route=\/wp\/v2\/posts\/1258","targetHints":{"allow":["GET"]}}],"collection":[{"href":"https:\/\/www.wsc-schwimmen.at\/wp\/index.php?rest_route=\/wp\/v2\/posts"}],"about":[{"href":"https:\/\/www.wsc-schwimmen.at\/wp\/index.php?rest_route=\/wp\/v2\/types\/post"}],"author":[{"embeddable":true,"href":"https:\/\/www.wsc-schwimmen.at\/wp\/index.php?rest_route=\/wp\/v2\/users\/1"}],"replies":[{"embeddable":true,"href":"https:\/\/www.wsc-schwimmen.at\/wp\/index.php?rest_route=%2Fwp%2Fv2%2Fcomments&post=1258"}],"version-history":[{"count":13,"href":"https:\/\/www.wsc-schwimmen.at\/wp\/index.php?rest_route=\/wp\/v2\/posts\/1258\/revisions"}],"predecessor-version":[{"id":1282,"href":"https:\/\/www.wsc-schwimmen.at\/wp\/index.php?rest_route=\/wp\/v2\/posts\/1258\/revisions\/1282"}],"wp:attachment":[{"href":"https:\/\/www.wsc-schwimmen.at\/wp\/index.php?rest_route=%2Fwp%2Fv2%2Fmedia&parent=1258"}],"wp:term":[{"taxonomy":"category","embeddable":true,"href":"https:\/\/www.wsc-schwimmen.at\/wp\/index.php?rest_route=%2Fwp%2Fv2%2Fcategories&post=1258"},{"taxonomy":"post_tag","embeddable":true,"href":"https:\/\/www.wsc-schwimmen.at\/wp\/index.php?rest_route=%2Fwp%2Fv2%2Ftags&post=1258"}],"curies":[{"name":"wp","href":"https:\/\/api.w.org\/{rel}","templated":true}]}}