{"id":1681,"date":"2012-12-09T13:26:49","date_gmt":"2012-12-09T12:26:49","guid":{"rendered":"http:\/\/www.wsc-schwimmen.at\/wp\/?p=1681"},"modified":"2012-12-27T11:48:53","modified_gmt":"2012-12-27T10:48:53","slug":"peter-polak-verteidigt-funfkampf-pokal","status":"publish","type":"post","link":"https:\/\/www.wsc-schwimmen.at\/wp\/?p=1681","title":{"rendered":"Peter Polak verteidigt F\u00fcnfkampf Pokal"},"content":{"rendered":"<p>Die 5. Vereinsmeisterschaften mit 6 Teilnehmern und einem Gast (Neuzugang Carsten Schmidt) brachten tolle Leistungen in einer sehr fr\u00fchen Trainingsphase und somit einen sch\u00f6nen und stilvollen Saisonausklang. Bei den Herren erobert Peter Polak drei, Coach Miomir Zivic zwei und Wolfgang Raml einen Meistertitel. Christian Abila ging trotz einiger pers\u00f6nlichen Bestzeiten leider leer aus. Bei den Frauen r\u00e4umte Ulrike Greiner 5 Titel ab, Angelika H\u00f6necke wurde 100m Freistilmeisterin.<\/p>\n<p>Der prestigetr\u00e4chtige F\u00fcnfkampf wurde erstmals von Titeltr\u00e4ger geholt: Der Wanderpokal verbleibt ein weiteres Jahr bei Peter Polak.<\/p>\n<p><strong>Ergebnis F\u00fcnfkampf:<\/strong><\/p>\n<p>1. Peter Polak (2327)<br \/>2. Wolfgang Raml (2203)<br \/>3. Ulrike Greiner (2111)<br \/>4. Christian Abila (1836)<\/p>\n<p><a href=\"http:\/\/www.wsc-schwimmen.at\/wp\/?page_id=134\">Link zu den Vereinsmeistern<\/a><\/p>\n<div id=\"attachment_1683\" style=\"width: 507px\" class=\"wp-caption alignnone\"><a href=\"http:\/\/www.wsc-schwimmen.at\/wp\/wp-content\/uploads\/2012\/12\/vm2012.jpg\"><img loading=\"lazy\" decoding=\"async\" aria-describedby=\"caption-attachment-1683\" data-attachment-id=\"1683\" data-permalink=\"https:\/\/www.wsc-schwimmen.at\/wp\/?attachment_id=1683\" data-orig-file=\"https:\/\/www.wsc-schwimmen.at\/wp\/wp-content\/uploads\/2012\/12\/vm2012.jpg\" data-orig-size=\"497,238\" data-comments-opened=\"1\" data-image-meta=\"{&quot;aperture&quot;:&quot;0&quot;,&quot;credit&quot;:&quot;&quot;,&quot;camera&quot;:&quot;&quot;,&quot;caption&quot;:&quot;&quot;,&quot;created_timestamp&quot;:&quot;0&quot;,&quot;copyright&quot;:&quot;&quot;,&quot;focal_length&quot;:&quot;0&quot;,&quot;iso&quot;:&quot;0&quot;,&quot;shutter_speed&quot;:&quot;0&quot;,&quot;title&quot;:&quot;&quot;}\" data-image-title=\"vm2012\" data-image-description=\"\" data-image-caption=\"&lt;p&gt;Die bereits 5. Vereinsmeisterschaften brachten erstmals eine Titelverteidigung im F\u00fcnfkampf&lt;\/p&gt;\n\" data-large-file=\"https:\/\/www.wsc-schwimmen.at\/wp\/wp-content\/uploads\/2012\/12\/vm2012.jpg\" class=\"size-full wp-image-1683\" title=\"vm2012\" alt=\"\" src=\"http:\/\/www.wsc-schwimmen.at\/wp\/wp-content\/uploads\/2012\/12\/vm2012.jpg\" width=\"497\" height=\"238\" srcset=\"https:\/\/www.wsc-schwimmen.at\/wp\/wp-content\/uploads\/2012\/12\/vm2012.jpg 497w, https:\/\/www.wsc-schwimmen.at\/wp\/wp-content\/uploads\/2012\/12\/vm2012-400x191.jpg 400w\" sizes=\"auto, (max-width: 497px) 100vw, 497px\" \/><\/a><p id=\"caption-attachment-1683\" class=\"wp-caption-text\">Die bereits 5. Vereinsmeisterschaften brachten erstmals eine Titelverteidigung im F\u00fcnfkampf<\/p><\/div>\n","protected":false},"excerpt":{"rendered":"<p>Die 5. Vereinsmeisterschaften mit 6 Teilnehmern und einem Gast (Neuzugang Carsten Schmidt) brachten tolle Leistungen in einer sehr fr\u00fchen Trainingsphase und somit einen sch\u00f6nen und stilvollen Saisonausklang. Bei den Herren erobert Peter Polak drei, Coach Miomir Zivic zwei und Wolfgang Raml einen Meistertitel. Christian Abila ging trotz einiger pers\u00f6nlichen Bestzeiten leider leer aus. Bei den [&hellip;]<\/p>\n","protected":false},"author":1,"featured_media":0,"comment_status":"open","ping_status":"closed","sticky":false,"template":"","format":"standard","meta":{"jetpack_post_was_ever_published":false,"_jetpack_newsletter_access":"","_jetpack_dont_email_post_to_subs":false,"_jetpack_newsletter_tier_id":0,"_jetpack_memberships_contains_paywalled_content":false,"_jetpack_memberships_contains_paid_content":false,"footnotes":"","jetpack_publicize_message":"","jetpack_publicize_feature_enabled":true,"jetpack_social_post_already_shared":false,"jetpack_social_options":{"image_generator_settings":{"template":"highway","default_image_id":0,"font":"","enabled":false},"version":2}},"categories":[1],"tags":[],"class_list":["post-1681","post","type-post","status-publish","format-standard","hentry","category-berichte"],"yoast_head":"<!-- This site is optimized with the Yoast SEO plugin v27.5 - https:\/\/yoast.com\/product\/yoast-seo-wordpress\/ -->\n<title>Peter Polak verteidigt F\u00fcnfkampf Pokal - Wiener Sport-Club - Sektion Schwimmen<\/title>\n<meta name=\"robots\" content=\"index, follow, max-snippet:-1, max-image-preview:large, max-video-preview:-1\" \/>\n<link rel=\"canonical\" href=\"https:\/\/www.wsc-schwimmen.at\/wp\/?p=1681\" \/>\n<meta property=\"og:locale\" content=\"de_DE\" \/>\n<meta property=\"og:type\" content=\"article\" \/>\n<meta property=\"og:title\" content=\"Peter Polak verteidigt F\u00fcnfkampf Pokal - Wiener Sport-Club - Sektion Schwimmen\" \/>\n<meta property=\"og:description\" content=\"Die 5. Vereinsmeisterschaften mit 6 Teilnehmern und einem Gast (Neuzugang Carsten Schmidt) brachten tolle Leistungen in einer sehr fr\u00fchen Trainingsphase und somit einen sch\u00f6nen und stilvollen Saisonausklang. Bei den Herren erobert Peter Polak drei, Coach Miomir Zivic zwei und Wolfgang Raml einen Meistertitel. Christian Abila ging trotz einiger pers\u00f6nlichen Bestzeiten leider leer aus. Bei den [&hellip;]\" \/>\n<meta property=\"og:url\" content=\"https:\/\/www.wsc-schwimmen.at\/wp\/?p=1681\" \/>\n<meta property=\"og:site_name\" content=\"Wiener Sport-Club - Sektion Schwimmen\" \/>\n<meta property=\"article:publisher\" content=\"https:\/\/www.facebook.com\/wsc.schwimmen\" \/>\n<meta property=\"article:published_time\" content=\"2012-12-09T12:26:49+00:00\" \/>\n<meta property=\"article:modified_time\" content=\"2012-12-27T10:48:53+00:00\" \/>\n<meta property=\"og:image\" content=\"http:\/\/www.wsc-schwimmen.at\/wp\/wp-content\/uploads\/2012\/12\/vm2012.jpg\" \/>\n<meta name=\"author\" content=\"admin\" \/>\n<meta name=\"twitter:card\" content=\"summary_large_image\" \/>\n<meta name=\"twitter:label1\" content=\"Verfasst von\" \/>\n\t<meta name=\"twitter:data1\" content=\"admin\" \/>\n\t<meta name=\"twitter:label2\" content=\"Gesch\u00e4tzte Lesezeit\" \/>\n\t<meta name=\"twitter:data2\" content=\"1\u00a0Minute\" \/>\n<script type=\"application\/ld+json\" class=\"yoast-schema-graph\">{\"@context\":\"https:\\\/\\\/schema.org\",\"@graph\":[{\"@type\":\"Article\",\"@id\":\"https:\\\/\\\/www.wsc-schwimmen.at\\\/wp\\\/?p=1681#article\",\"isPartOf\":{\"@id\":\"https:\\\/\\\/www.wsc-schwimmen.at\\\/wp\\\/?p=1681\"},\"author\":{\"name\":\"admin\",\"@id\":\"https:\\\/\\\/www.wsc-schwimmen.at\\\/wp\\\/#\\\/schema\\\/person\\\/d3e14ad70bd903c29d4d35cee6723746\"},\"headline\":\"Peter Polak verteidigt F\u00fcnfkampf Pokal\",\"datePublished\":\"2012-12-09T12:26:49+00:00\",\"dateModified\":\"2012-12-27T10:48:53+00:00\",\"mainEntityOfPage\":{\"@id\":\"https:\\\/\\\/www.wsc-schwimmen.at\\\/wp\\\/?p=1681\"},\"wordCount\":127,\"commentCount\":0,\"publisher\":{\"@id\":\"https:\\\/\\\/www.wsc-schwimmen.at\\\/wp\\\/#organization\"},\"image\":{\"@id\":\"https:\\\/\\\/www.wsc-schwimmen.at\\\/wp\\\/?p=1681#primaryimage\"},\"thumbnailUrl\":\"http:\\\/\\\/www.wsc-schwimmen.at\\\/wp\\\/wp-content\\\/uploads\\\/2012\\\/12\\\/vm2012.jpg\",\"articleSection\":[\"Berichte\"],\"inLanguage\":\"de\",\"potentialAction\":[{\"@type\":\"CommentAction\",\"name\":\"Comment\",\"target\":[\"https:\\\/\\\/www.wsc-schwimmen.at\\\/wp\\\/?p=1681#respond\"]}]},{\"@type\":\"WebPage\",\"@id\":\"https:\\\/\\\/www.wsc-schwimmen.at\\\/wp\\\/?p=1681\",\"url\":\"https:\\\/\\\/www.wsc-schwimmen.at\\\/wp\\\/?p=1681\",\"name\":\"Peter Polak verteidigt F\u00fcnfkampf Pokal - Wiener Sport-Club - Sektion Schwimmen\",\"isPartOf\":{\"@id\":\"https:\\\/\\\/www.wsc-schwimmen.at\\\/wp\\\/#website\"},\"primaryImageOfPage\":{\"@id\":\"https:\\\/\\\/www.wsc-schwimmen.at\\\/wp\\\/?p=1681#primaryimage\"},\"image\":{\"@id\":\"https:\\\/\\\/www.wsc-schwimmen.at\\\/wp\\\/?p=1681#primaryimage\"},\"thumbnailUrl\":\"http:\\\/\\\/www.wsc-schwimmen.at\\\/wp\\\/wp-content\\\/uploads\\\/2012\\\/12\\\/vm2012.jpg\",\"datePublished\":\"2012-12-09T12:26:49+00:00\",\"dateModified\":\"2012-12-27T10:48:53+00:00\",\"breadcrumb\":{\"@id\":\"https:\\\/\\\/www.wsc-schwimmen.at\\\/wp\\\/?p=1681#breadcrumb\"},\"inLanguage\":\"de\",\"potentialAction\":[{\"@type\":\"ReadAction\",\"target\":[\"https:\\\/\\\/www.wsc-schwimmen.at\\\/wp\\\/?p=1681\"]}]},{\"@type\":\"ImageObject\",\"inLanguage\":\"de\",\"@id\":\"https:\\\/\\\/www.wsc-schwimmen.at\\\/wp\\\/?p=1681#primaryimage\",\"url\":\"http:\\\/\\\/www.wsc-schwimmen.at\\\/wp\\\/wp-content\\\/uploads\\\/2012\\\/12\\\/vm2012.jpg\",\"contentUrl\":\"http:\\\/\\\/www.wsc-schwimmen.at\\\/wp\\\/wp-content\\\/uploads\\\/2012\\\/12\\\/vm2012.jpg\"},{\"@type\":\"BreadcrumbList\",\"@id\":\"https:\\\/\\\/www.wsc-schwimmen.at\\\/wp\\\/?p=1681#breadcrumb\",\"itemListElement\":[{\"@type\":\"ListItem\",\"position\":1,\"name\":\"Startseite\",\"item\":\"https:\\\/\\\/www.wsc-schwimmen.at\\\/wp\"},{\"@type\":\"ListItem\",\"position\":2,\"name\":\"Peter Polak verteidigt F\u00fcnfkampf Pokal\"}]},{\"@type\":\"WebSite\",\"@id\":\"https:\\\/\\\/www.wsc-schwimmen.at\\\/wp\\\/#website\",\"url\":\"https:\\\/\\\/www.wsc-schwimmen.at\\\/wp\\\/\",\"name\":\"Wiener Sport-Club - Sektion Schwimmen\",\"description\":\"Swimming Team\",\"publisher\":{\"@id\":\"https:\\\/\\\/www.wsc-schwimmen.at\\\/wp\\\/#organization\"},\"potentialAction\":[{\"@type\":\"SearchAction\",\"target\":{\"@type\":\"EntryPoint\",\"urlTemplate\":\"https:\\\/\\\/www.wsc-schwimmen.at\\\/wp\\\/?s={search_term_string}\"},\"query-input\":{\"@type\":\"PropertyValueSpecification\",\"valueRequired\":true,\"valueName\":\"search_term_string\"}}],\"inLanguage\":\"de\"},{\"@type\":\"Organization\",\"@id\":\"https:\\\/\\\/www.wsc-schwimmen.at\\\/wp\\\/#organization\",\"name\":\"Wiener Sport-Club Schwimmen\",\"url\":\"https:\\\/\\\/www.wsc-schwimmen.at\\\/wp\\\/\",\"logo\":{\"@type\":\"ImageObject\",\"inLanguage\":\"de\",\"@id\":\"https:\\\/\\\/www.wsc-schwimmen.at\\\/wp\\\/#\\\/schema\\\/logo\\\/image\\\/\",\"url\":\"https:\\\/\\\/www.wsc-schwimmen.at\\\/wp\\\/wp-content\\\/uploads\\\/2011\\\/01\\\/wsc_wappen_kl.gif\",\"contentUrl\":\"https:\\\/\\\/www.wsc-schwimmen.at\\\/wp\\\/wp-content\\\/uploads\\\/2011\\\/01\\\/wsc_wappen_kl.gif\",\"width\":\"118\",\"height\":\"118\",\"caption\":\"Wiener Sport-Club Schwimmen\"},\"image\":{\"@id\":\"https:\\\/\\\/www.wsc-schwimmen.at\\\/wp\\\/#\\\/schema\\\/logo\\\/image\\\/\"},\"sameAs\":[\"https:\\\/\\\/www.facebook.com\\\/wsc.schwimmen\",\"https:\\\/\\\/de.wikipedia.org\\\/wiki\\\/Wiener_Sport-Club\"]},{\"@type\":\"Person\",\"@id\":\"https:\\\/\\\/www.wsc-schwimmen.at\\\/wp\\\/#\\\/schema\\\/person\\\/d3e14ad70bd903c29d4d35cee6723746\",\"name\":\"admin\",\"url\":\"https:\\\/\\\/www.wsc-schwimmen.at\\\/wp\\\/?author=1\"}]}<\/script>\n<!-- \/ Yoast SEO plugin. -->","yoast_head_json":{"title":"Peter Polak verteidigt F\u00fcnfkampf Pokal - Wiener Sport-Club - Sektion Schwimmen","robots":{"index":"index","follow":"follow","max-snippet":"max-snippet:-1","max-image-preview":"max-image-preview:large","max-video-preview":"max-video-preview:-1"},"canonical":"https:\/\/www.wsc-schwimmen.at\/wp\/?p=1681","og_locale":"de_DE","og_type":"article","og_title":"Peter Polak verteidigt F\u00fcnfkampf Pokal - Wiener Sport-Club - Sektion Schwimmen","og_description":"Die 5. Vereinsmeisterschaften mit 6 Teilnehmern und einem Gast (Neuzugang Carsten Schmidt) brachten tolle Leistungen in einer sehr fr\u00fchen Trainingsphase und somit einen sch\u00f6nen und stilvollen Saisonausklang. Bei den Herren erobert Peter Polak drei, Coach Miomir Zivic zwei und Wolfgang Raml einen Meistertitel. Christian Abila ging trotz einiger pers\u00f6nlichen Bestzeiten leider leer aus. Bei den [&hellip;]","og_url":"https:\/\/www.wsc-schwimmen.at\/wp\/?p=1681","og_site_name":"Wiener Sport-Club - Sektion Schwimmen","article_publisher":"https:\/\/www.facebook.com\/wsc.schwimmen","article_published_time":"2012-12-09T12:26:49+00:00","article_modified_time":"2012-12-27T10:48:53+00:00","og_image":[{"url":"http:\/\/www.wsc-schwimmen.at\/wp\/wp-content\/uploads\/2012\/12\/vm2012.jpg","type":"","width":"","height":""}],"author":"admin","twitter_card":"summary_large_image","twitter_misc":{"Verfasst von":"admin","Gesch\u00e4tzte Lesezeit":"1\u00a0Minute"},"schema":{"@context":"https:\/\/schema.org","@graph":[{"@type":"Article","@id":"https:\/\/www.wsc-schwimmen.at\/wp\/?p=1681#article","isPartOf":{"@id":"https:\/\/www.wsc-schwimmen.at\/wp\/?p=1681"},"author":{"name":"admin","@id":"https:\/\/www.wsc-schwimmen.at\/wp\/#\/schema\/person\/d3e14ad70bd903c29d4d35cee6723746"},"headline":"Peter Polak verteidigt F\u00fcnfkampf Pokal","datePublished":"2012-12-09T12:26:49+00:00","dateModified":"2012-12-27T10:48:53+00:00","mainEntityOfPage":{"@id":"https:\/\/www.wsc-schwimmen.at\/wp\/?p=1681"},"wordCount":127,"commentCount":0,"publisher":{"@id":"https:\/\/www.wsc-schwimmen.at\/wp\/#organization"},"image":{"@id":"https:\/\/www.wsc-schwimmen.at\/wp\/?p=1681#primaryimage"},"thumbnailUrl":"http:\/\/www.wsc-schwimmen.at\/wp\/wp-content\/uploads\/2012\/12\/vm2012.jpg","articleSection":["Berichte"],"inLanguage":"de","potentialAction":[{"@type":"CommentAction","name":"Comment","target":["https:\/\/www.wsc-schwimmen.at\/wp\/?p=1681#respond"]}]},{"@type":"WebPage","@id":"https:\/\/www.wsc-schwimmen.at\/wp\/?p=1681","url":"https:\/\/www.wsc-schwimmen.at\/wp\/?p=1681","name":"Peter Polak verteidigt F\u00fcnfkampf Pokal - Wiener Sport-Club - Sektion Schwimmen","isPartOf":{"@id":"https:\/\/www.wsc-schwimmen.at\/wp\/#website"},"primaryImageOfPage":{"@id":"https:\/\/www.wsc-schwimmen.at\/wp\/?p=1681#primaryimage"},"image":{"@id":"https:\/\/www.wsc-schwimmen.at\/wp\/?p=1681#primaryimage"},"thumbnailUrl":"http:\/\/www.wsc-schwimmen.at\/wp\/wp-content\/uploads\/2012\/12\/vm2012.jpg","datePublished":"2012-12-09T12:26:49+00:00","dateModified":"2012-12-27T10:48:53+00:00","breadcrumb":{"@id":"https:\/\/www.wsc-schwimmen.at\/wp\/?p=1681#breadcrumb"},"inLanguage":"de","potentialAction":[{"@type":"ReadAction","target":["https:\/\/www.wsc-schwimmen.at\/wp\/?p=1681"]}]},{"@type":"ImageObject","inLanguage":"de","@id":"https:\/\/www.wsc-schwimmen.at\/wp\/?p=1681#primaryimage","url":"http:\/\/www.wsc-schwimmen.at\/wp\/wp-content\/uploads\/2012\/12\/vm2012.jpg","contentUrl":"http:\/\/www.wsc-schwimmen.at\/wp\/wp-content\/uploads\/2012\/12\/vm2012.jpg"},{"@type":"BreadcrumbList","@id":"https:\/\/www.wsc-schwimmen.at\/wp\/?p=1681#breadcrumb","itemListElement":[{"@type":"ListItem","position":1,"name":"Startseite","item":"https:\/\/www.wsc-schwimmen.at\/wp"},{"@type":"ListItem","position":2,"name":"Peter Polak verteidigt F\u00fcnfkampf Pokal"}]},{"@type":"WebSite","@id":"https:\/\/www.wsc-schwimmen.at\/wp\/#website","url":"https:\/\/www.wsc-schwimmen.at\/wp\/","name":"Wiener Sport-Club - Sektion Schwimmen","description":"Swimming Team","publisher":{"@id":"https:\/\/www.wsc-schwimmen.at\/wp\/#organization"},"potentialAction":[{"@type":"SearchAction","target":{"@type":"EntryPoint","urlTemplate":"https:\/\/www.wsc-schwimmen.at\/wp\/?s={search_term_string}"},"query-input":{"@type":"PropertyValueSpecification","valueRequired":true,"valueName":"search_term_string"}}],"inLanguage":"de"},{"@type":"Organization","@id":"https:\/\/www.wsc-schwimmen.at\/wp\/#organization","name":"Wiener Sport-Club Schwimmen","url":"https:\/\/www.wsc-schwimmen.at\/wp\/","logo":{"@type":"ImageObject","inLanguage":"de","@id":"https:\/\/www.wsc-schwimmen.at\/wp\/#\/schema\/logo\/image\/","url":"https:\/\/www.wsc-schwimmen.at\/wp\/wp-content\/uploads\/2011\/01\/wsc_wappen_kl.gif","contentUrl":"https:\/\/www.wsc-schwimmen.at\/wp\/wp-content\/uploads\/2011\/01\/wsc_wappen_kl.gif","width":"118","height":"118","caption":"Wiener Sport-Club Schwimmen"},"image":{"@id":"https:\/\/www.wsc-schwimmen.at\/wp\/#\/schema\/logo\/image\/"},"sameAs":["https:\/\/www.facebook.com\/wsc.schwimmen","https:\/\/de.wikipedia.org\/wiki\/Wiener_Sport-Club"]},{"@type":"Person","@id":"https:\/\/www.wsc-schwimmen.at\/wp\/#\/schema\/person\/d3e14ad70bd903c29d4d35cee6723746","name":"admin","url":"https:\/\/www.wsc-schwimmen.at\/wp\/?author=1"}]}},"jetpack_publicize_connections":[],"jetpack_featured_media_url":"","jetpack_sharing_enabled":true,"jetpack_shortlink":"https:\/\/wp.me\/p8Z6fd-r7","jetpack-related-posts":[],"_links":{"self":[{"href":"https:\/\/www.wsc-schwimmen.at\/wp\/index.php?rest_route=\/wp\/v2\/posts\/1681","targetHints":{"allow":["GET"]}}],"collection":[{"href":"https:\/\/www.wsc-schwimmen.at\/wp\/index.php?rest_route=\/wp\/v2\/posts"}],"about":[{"href":"https:\/\/www.wsc-schwimmen.at\/wp\/index.php?rest_route=\/wp\/v2\/types\/post"}],"author":[{"embeddable":true,"href":"https:\/\/www.wsc-schwimmen.at\/wp\/index.php?rest_route=\/wp\/v2\/users\/1"}],"replies":[{"embeddable":true,"href":"https:\/\/www.wsc-schwimmen.at\/wp\/index.php?rest_route=%2Fwp%2Fv2%2Fcomments&post=1681"}],"version-history":[{"count":9,"href":"https:\/\/www.wsc-schwimmen.at\/wp\/index.php?rest_route=\/wp\/v2\/posts\/1681\/revisions"}],"predecessor-version":[{"id":1705,"href":"https:\/\/www.wsc-schwimmen.at\/wp\/index.php?rest_route=\/wp\/v2\/posts\/1681\/revisions\/1705"}],"wp:attachment":[{"href":"https:\/\/www.wsc-schwimmen.at\/wp\/index.php?rest_route=%2Fwp%2Fv2%2Fmedia&parent=1681"}],"wp:term":[{"taxonomy":"category","embeddable":true,"href":"https:\/\/www.wsc-schwimmen.at\/wp\/index.php?rest_route=%2Fwp%2Fv2%2Fcategories&post=1681"},{"taxonomy":"post_tag","embeddable":true,"href":"https:\/\/www.wsc-schwimmen.at\/wp\/index.php?rest_route=%2Fwp%2Fv2%2Ftags&post=1681"}],"curies":[{"name":"wp","href":"https:\/\/api.w.org\/{rel}","templated":true}]}}