{"id":2626,"date":"2015-04-19T21:00:19","date_gmt":"2015-04-19T20:00:19","guid":{"rendered":"http:\/\/www.wsc-schwimmen.at\/wp\/?p=2626"},"modified":"2015-04-20T13:07:27","modified_gmt":"2015-04-20T12:07:27","slug":"zwei-titel-und-einen-oer-zum-abschluss","status":"publish","type":"post","link":"https:\/\/www.wsc-schwimmen.at\/wp\/?p=2626","title":{"rendered":"Zwei Titel und einen \u00d6R zum Abschluss"},"content":{"rendered":"<p>Wien-Floridsdorf &#8211; Am dritten und damit letzten Wettkampftag erschien die Schwimmsektion des Wiener-Sport Clubs in neuer Garnitur. <strong>Carmen Halper<\/strong>, ihres Zeichens R\u00fccken-Mastersstaatsmeisterin von 2013;\u00a0<strong>Ulrike Greiner,<\/strong> ebenso Mastersstaatsmeisterin in der 4x50m Mixedstaffel aus\u00a02013;\u00a0<strong>Peter Polak<\/strong>, mehrfacher Mastersstaatsmeister \u00fcber mehrere Freistilstrecken;\u00a0<strong>Wolfgang Raml<\/strong>, mehrfacher Masters EM- und WM-Teilnehmer, und zu guter Letzt 800m Freistil Masterstaatsmeister 2014, <strong>Christian Abila, <\/strong>forderten die Konkurrenz aus \u00d6sterreich, Tschechien, Ungarn, Slowakei, Kroatien und Italien zum letzten Mal im Zuge der 3rd Int. Vienna Masters Championships heraus.<\/p>\n<p>Um 9 Uhr wurden, wie nach Zeitplan, die Athleten zum ersten Bewerb des Abschlusstages zu den Startsockeln gerufen. Der WSC schickte Carmen Halper, Ulrike Greiner, Christian Abila und Wolfgang Raml in den Kampf um die Podestpl\u00e4tze des 4x50m Lagen Mixed Staffelbewerbes.<\/p>\n<h3>4x50m Lagen Mixed<\/h3>\n<p>Nach \u00fcberstandener Knie-OP vor etlichen Wochen, pr\u00e4sentierte sich Carmen Halper mutig und stark. Trotz leichtem Trainingsr\u00fcckstand brachte sie der Mannschaft eine 42.84s \u00fcber die erste Teilstrecke in R\u00fcckenlage. Die \u00dcbergabe zu ihrer besten Freundin, Ulrike &#8222;Ulli&#8220; Greiner, verlief sauber. Ulli hatte aufgrund von Schulterproblemen die ganze letzte Saison aussetzen m\u00fcssen und steigt seit einigen Monaten graduell ins Training ein. Ihre 43.93s \u00fcber die Brustteilstrecke sind\u00a0somit hoch anzusehen, da sie nur 0.60s \u00fcber ihrer pers\u00f6nlichen Bestzeit liegt.<\/p>\n<p>Eine 4x50m Lagen Mixed Staffel wird in der Lagenreihenfolge R\u00fccken, Brust, Schmetterling und Freistil geschwommen. Welches Geschlecht welche Lagen schwimmt, wird dem Team \u00fcberlassen.<\/p>\n<p>Auf der Schmetterlingteilstrecke gab es f\u00fcr Christian Abila viel wiedergutzumachen. Bis auf die 50m R\u00fccken aus dem Vortag, konnte er seine Leistung bei diesen Meisterschaften nicht hervorrufen.\u00a0Davon angetrieben, k\u00e4mpfte er sich auf die 50m in 30.57s durch und blieb nur 7 Hundertstel \u00fcber seiner pers\u00f6nlichen Bestzeit.<\/p>\n<p>Die \u00dcbergaben bei Staffelbewerben sind kritische Momente. Als\u00a0bestes Beispiel hierf\u00fcr bietet sich die US-Schwimmmannschaft an, die bei der Kurzbahn-WM 2014 in Doha als erste Mannschaft am Ziel anschlugen, aber die Toleranzzeit von -0.03s von einem Schwimmer \u00fcberschritten wurde. Eine &#8222;USA-Erfahrung&#8220; erlebte heute die WSC-Staffel. Ohne Risiko einzugehen, ist\u00a0es bei einer dichten Konkurrenz schwer, Medaillen zu holen. Trotz einer starken Zeit von 28.40s Wolfgang Ramls, war die \u00dcbergabe nicht in der tolerierten Reaktionszeit erfolgt. Fehler passieren, und es gilt aus ihnen zu lernen. Somit bleibt\u00a0die Staffelleistung von 2:25.74 min\u00a0ung\u00fcltig.<\/p>\n<h3>50m Freistil Damen<\/h3>\n<p>Ulrike Greiner war die erste, die nach dem Staffelbewerb wieder an den Start ging. Mit neuem Rennanzug beeilte sie sich \u00fcber 50m Freistil und wurde mit 32.12s Vierte in Wien.<\/p>\n<h3>200m Schmetterling Herren<\/h3>\n<p>Neben den 400m Lagen gelten auch die 200m Schmetterling f\u00fcr manche Schwimmer als unschwimmbar. Als vereinsinterner Wegbereiter f\u00fcr diese Horrorstrecke galt\u00a0f\u00fcr Christian Abila schon immer Sektionschef Wolfgang Raml. Also war es ein gro\u00dfes Schauspiel, beide Schwimmer im selben Lauf antreten zu sehen. Das eigentlich schon traditionell \u00fcberschaubare Teilnehmerfeld in diesem Bewerb nutzte dem WSC und man gewann mit Christian Abila, trotz f\u00fcr ihn bescheidenen 3:02.33 min, die Bronzemedaille.<\/p>\n<div id=\"attachment_2628\" style=\"width: 410px\" class=\"wp-caption aligncenter\"><a href=\"http:\/\/www.wsc-schwimmen.at\/wp\/wp-content\/uploads\/2015\/04\/CAM00522.jpg\"><img loading=\"lazy\" decoding=\"async\" aria-describedby=\"caption-attachment-2628\" data-attachment-id=\"2628\" data-permalink=\"https:\/\/www.wsc-schwimmen.at\/wp\/?attachment_id=2628\" data-orig-file=\"https:\/\/www.wsc-schwimmen.at\/wp\/wp-content\/uploads\/2015\/04\/CAM00522.jpg\" data-orig-size=\"4160,3120\" data-comments-opened=\"1\" data-image-meta=\"{&quot;aperture&quot;:&quot;2.39&quot;,&quot;credit&quot;:&quot;&quot;,&quot;camera&quot;:&quot;LG-E986&quot;,&quot;caption&quot;:&quot;&quot;,&quot;created_timestamp&quot;:&quot;1429440130&quot;,&quot;copyright&quot;:&quot;&quot;,&quot;focal_length&quot;:&quot;3.92&quot;,&quot;iso&quot;:&quot;50&quot;,&quot;shutter_speed&quot;:&quot;0.0093567251462&quot;,&quot;title&quot;:&quot;&quot;,&quot;orientation&quot;:&quot;1&quot;}\" data-image-title=\"Christian auf dem Podest\" data-image-description=\"\" data-image-caption=\"&lt;p&gt;3.Platz auf 200m Schmetterling&lt;\/p&gt;\n\" data-large-file=\"https:\/\/www.wsc-schwimmen.at\/wp\/wp-content\/uploads\/2015\/04\/CAM00522-1024x768.jpg\" class=\"size-medium wp-image-2628\" src=\"http:\/\/www.wsc-schwimmen.at\/wp\/wp-content\/uploads\/2015\/04\/CAM00522-400x300.jpg\" alt=\"3.Platz auf 200m Schmetterling\" width=\"400\" height=\"300\" srcset=\"https:\/\/www.wsc-schwimmen.at\/wp\/wp-content\/uploads\/2015\/04\/CAM00522-400x300.jpg 400w, https:\/\/www.wsc-schwimmen.at\/wp\/wp-content\/uploads\/2015\/04\/CAM00522-1024x768.jpg 1024w\" sizes=\"auto, (max-width: 400px) 100vw, 400px\" \/><\/a><p id=\"caption-attachment-2628\" class=\"wp-caption-text\">3.Platz auf 200m Schmetterling<\/p><\/div>\n<p>Wolfgang Ramls Zeit von 3:16.31 min war f\u00fcr ihn ebenso entt\u00e4uschend. In seiner Rennanalyse bemerkte er ein Leistungsabfall nach 75 Metern, und er fing sich aber noch auf um das Rennen regul\u00e4r zu beenden. Er erreichte den 4. Platz.<\/p>\n<h3>50m Brust Damen<\/h3>\n<p>Auf den 50m Brust der Damen gab es eine \u00fcberraschende Siegerin. Obwohl sie\u00a0noch im Trainingswiedereinstieg ist, lie\u00df sich Ulli\u00a0nicht davon abhalten, als beste Wienerin im Klassement zu erscheinen. Sie holte mit 43.67s\/486 Punkte Gold und ist Wiener Meisterin.<\/p>\n<div id=\"attachment_2629\" style=\"width: 235px\" class=\"wp-caption aligncenter\"><a href=\"http:\/\/www.wsc-schwimmen.at\/wp\/wp-content\/uploads\/2015\/04\/CAM00523-e1429468820621.jpg\"><img loading=\"lazy\" decoding=\"async\" aria-describedby=\"caption-attachment-2629\" data-attachment-id=\"2629\" data-permalink=\"https:\/\/www.wsc-schwimmen.at\/wp\/?attachment_id=2629\" data-orig-file=\"https:\/\/www.wsc-schwimmen.at\/wp\/wp-content\/uploads\/2015\/04\/CAM00523-e1429468820621.jpg\" data-orig-size=\"3120,4160\" data-comments-opened=\"1\" data-image-meta=\"{&quot;aperture&quot;:&quot;2.39&quot;,&quot;credit&quot;:&quot;&quot;,&quot;camera&quot;:&quot;LG-E986&quot;,&quot;caption&quot;:&quot;&quot;,&quot;created_timestamp&quot;:&quot;1429440436&quot;,&quot;copyright&quot;:&quot;&quot;,&quot;focal_length&quot;:&quot;3.92&quot;,&quot;iso&quot;:&quot;50&quot;,&quot;shutter_speed&quot;:&quot;0.00390625&quot;,&quot;title&quot;:&quot;&quot;,&quot;orientation&quot;:&quot;6&quot;}\" data-image-title=\"50m Brust Siegerin Ulrike Greiner\" data-image-description=\"\" data-image-caption=\"&lt;p&gt;Ulli trotzt Trainingsr\u00fcckstand&lt;\/p&gt;\n\" data-large-file=\"https:\/\/www.wsc-schwimmen.at\/wp\/wp-content\/uploads\/2015\/04\/CAM00523-e1429468820621-768x1024.jpg\" class=\"size-medium wp-image-2629\" src=\"http:\/\/www.wsc-schwimmen.at\/wp\/wp-content\/uploads\/2015\/04\/CAM00523-e1429468820621-225x300.jpg\" alt=\"Ulli trotzt Trainingsr\u00fcckstand\" width=\"225\" height=\"300\" srcset=\"https:\/\/www.wsc-schwimmen.at\/wp\/wp-content\/uploads\/2015\/04\/CAM00523-e1429468820621-225x300.jpg 225w, https:\/\/www.wsc-schwimmen.at\/wp\/wp-content\/uploads\/2015\/04\/CAM00523-e1429468820621-768x1024.jpg 768w\" sizes=\"auto, (max-width: 225px) 100vw, 225px\" \/><\/a><p id=\"caption-attachment-2629\" class=\"wp-caption-text\">Ulli trotzt Trainingsr\u00fcckstand<\/p><\/div>\n<h3>100m R\u00fccken Damen<\/h3>\n<p>Auch die erst vor kurzem wieder schwimmende Carmen Halper sorgt f\u00fcr eine gro\u00dfe \u00dcberraschung. Mit repariertem\u00a0Knie dr\u00fcckte sie ihre pers\u00f6nliche Bestzeit \u00fcber die 100m R\u00fccken auf 1:34.69 min hinunter. Sie verbesserte sich um 2.97s im Vergleich zum 14.02.2015 und wurde Vierte in Wien.<\/p>\n<h3>100m Lagen Herren<\/h3>\n<p>Die 100m Lagen der Herren lief f\u00fcr Christian Abila interessant ab. Mit einer Trainingsumstellung, die mehr Technik\u00fcbungen bedeutete, schwamm er, in Angesicht seiner bereits stehenden PB von 1:12.49 min, zwar eine langsame\u00a0Zeit von 1:17.75 min, konnte aber f\u00fcr sein Vorhaben, schmerzfreier zu schwimmen, neue Erkenntnisse mitnehmen.<\/p>\n<h3>400m Freistil Herren<\/h3>\n<p>Der finale H\u00f6hepunkt wurde uns \u00fcber die 400m Freistil wahrlich geschenkt. Mit bereits zwei Wiener Titeln und drei \u00f6sterreichischen Rekorden, verw\u00f6hnte Peter Polak den WSC und sich selbst mit einem dritten Titel und einer Verbesserung seines \u00f6sterreichischen Rekords \u00fcber 400m Freistil. Mit 5:09.42 min war er 4.99s schneller als noch am Freitag und schaffte den langersehnten Vorsto\u00df unter die 5:10min-Grenze.<\/p>\n<div id=\"attachment_2630\" style=\"width: 235px\" class=\"wp-caption aligncenter\"><a href=\"http:\/\/www.wsc-schwimmen.at\/wp\/wp-content\/uploads\/2015\/04\/IMG_4026-e1429470616239.jpg\"><img loading=\"lazy\" decoding=\"async\" aria-describedby=\"caption-attachment-2630\" data-attachment-id=\"2630\" data-permalink=\"https:\/\/www.wsc-schwimmen.at\/wp\/?attachment_id=2630\" data-orig-file=\"https:\/\/www.wsc-schwimmen.at\/wp\/wp-content\/uploads\/2015\/04\/IMG_4026-e1429470616239.jpg\" data-orig-size=\"960,1280\" data-comments-opened=\"1\" data-image-meta=\"{&quot;aperture&quot;:&quot;2.2&quot;,&quot;credit&quot;:&quot;&quot;,&quot;camera&quot;:&quot;iPhone 6 Plus&quot;,&quot;caption&quot;:&quot;&quot;,&quot;created_timestamp&quot;:&quot;1429446835&quot;,&quot;copyright&quot;:&quot;&quot;,&quot;focal_length&quot;:&quot;4.15&quot;,&quot;iso&quot;:&quot;32&quot;,&quot;shutter_speed&quot;:&quot;0.02&quot;,&quot;title&quot;:&quot;&quot;,&quot;orientation&quot;:&quot;6&quot;}\" data-image-title=\"Peter ist 400m Freistil Meister\" data-image-description=\"\" data-image-caption=\"&lt;p&gt;Peter und Gold, ein gewohnter Anblick&lt;\/p&gt;\n\" data-large-file=\"https:\/\/www.wsc-schwimmen.at\/wp\/wp-content\/uploads\/2015\/04\/IMG_4026-e1429470616239-768x1024.jpg\" class=\"size-medium wp-image-2630\" src=\"http:\/\/www.wsc-schwimmen.at\/wp\/wp-content\/uploads\/2015\/04\/IMG_4026-e1429470616239-225x300.jpg\" alt=\"Peter und Gold, ein gewohnter Anblick\" width=\"225\" height=\"300\" srcset=\"https:\/\/www.wsc-schwimmen.at\/wp\/wp-content\/uploads\/2015\/04\/IMG_4026-e1429470616239-225x300.jpg 225w, https:\/\/www.wsc-schwimmen.at\/wp\/wp-content\/uploads\/2015\/04\/IMG_4026-e1429470616239-768x1024.jpg 768w, https:\/\/www.wsc-schwimmen.at\/wp\/wp-content\/uploads\/2015\/04\/IMG_4026-e1429470616239.jpg 960w\" sizes=\"auto, (max-width: 225px) 100vw, 225px\" \/><\/a><p id=\"caption-attachment-2630\" class=\"wp-caption-text\">Peter und Gold, ein gewohnter Anblick<\/p><\/div>\n<p>Neben Peter schwamm auch Sektionschef Wolfgang Raml gegen die Konkurrenz \u00fcber 400m Freistil. Er wurde Wiener-9. mit einer Zeit von 5:25.86 min.<\/p>\n<h3>400m Freistil Damen<\/h3>\n<p>Als Achterbahnfahrt stellte sich der letzte Bewerb mit WSC-Beteiligung heraus. Ulli Greiner kam\u00a0\u00fcber die 400m Freistil nicht an ihre Bestzeit heran und beendete das Rennen mit einer Zeit von 6:26.07 min. Sie war zuletzt am 14.04.2013 schneller als sich selbst, als sie am selben Ort 5:48.16 min schaffte.<\/p>\n<p>Auf der anderen Seite sorgte Carmen Halper f\u00fcr einen erfreulichen Abschluss der 3rd Int. Vienna Masters Championships. Sie \u00fcberwand die 400m Freistil in 6:38.25 min und war so schnell wie noch nie auf dieser Strecke. Ulli und Carmen werden jeweils 5. und 6. in Wien.<\/p>\n<h3>Fazit<\/h3>\n<p>Waren es letztes Jahr die Damen, die den Verein auf den 8.Platz in der Medaillenwertung hievten, so waren es heuer die Herren, allen voran Peter Polak, die den WSC auf Platz 5 brachten. Dies ist die beste erreichte Platzierung bei diesen seit 2013 ausgetragenen Meisterschaften.<\/p>\n<p>Herzliche Gratulation f\u00fcr die Bestleistungen und Medaillen!<\/p>\n","protected":false},"excerpt":{"rendered":"<p>Wien-Floridsdorf &#8211; Am dritten und damit letzten Wettkampftag erschien die Schwimmsektion des Wiener-Sport Clubs in neuer Garnitur. Carmen Halper, ihres Zeichens R\u00fccken-Mastersstaatsmeisterin von 2013;\u00a0Ulrike Greiner, ebenso Mastersstaatsmeisterin in der 4x50m Mixedstaffel aus\u00a02013;\u00a0Peter Polak, mehrfacher Mastersstaatsmeister \u00fcber mehrere Freistilstrecken;\u00a0Wolfgang Raml, mehrfacher Masters EM- und WM-Teilnehmer, und zu guter Letzt 800m Freistil Masterstaatsmeister 2014, Christian Abila, forderten [&hellip;]<\/p>\n","protected":false},"author":6,"featured_media":0,"comment_status":"open","ping_status":"closed","sticky":false,"template":"","format":"standard","meta":{"jetpack_post_was_ever_published":false,"_jetpack_newsletter_access":"","_jetpack_dont_email_post_to_subs":false,"_jetpack_newsletter_tier_id":0,"_jetpack_memberships_contains_paywalled_content":false,"_jetpack_memberships_contains_paid_content":false,"footnotes":"","jetpack_publicize_message":"","jetpack_publicize_feature_enabled":true,"jetpack_social_post_already_shared":false,"jetpack_social_options":{"image_generator_settings":{"template":"highway","default_image_id":0,"font":"","enabled":false},"version":2}},"categories":[1],"tags":[],"class_list":["post-2626","post","type-post","status-publish","format-standard","hentry","category-berichte"],"yoast_head":"<!-- This site is optimized with the Yoast SEO plugin v27.5 - https:\/\/yoast.com\/product\/yoast-seo-wordpress\/ -->\n<title>Zwei Titel und einen \u00d6R zum Abschluss - Wiener Sport-Club - Sektion Schwimmen<\/title>\n<meta name=\"robots\" content=\"index, follow, max-snippet:-1, max-image-preview:large, max-video-preview:-1\" \/>\n<link rel=\"canonical\" href=\"https:\/\/www.wsc-schwimmen.at\/wp\/?p=2626\" \/>\n<meta property=\"og:locale\" content=\"de_DE\" \/>\n<meta property=\"og:type\" content=\"article\" \/>\n<meta property=\"og:title\" content=\"Zwei Titel und einen \u00d6R zum Abschluss - Wiener Sport-Club - Sektion Schwimmen\" \/>\n<meta property=\"og:description\" content=\"Wien-Floridsdorf &#8211; Am dritten und damit letzten Wettkampftag erschien die Schwimmsektion des Wiener-Sport Clubs in neuer Garnitur. Carmen Halper, ihres Zeichens R\u00fccken-Mastersstaatsmeisterin von 2013;\u00a0Ulrike Greiner, ebenso Mastersstaatsmeisterin in der 4x50m Mixedstaffel aus\u00a02013;\u00a0Peter Polak, mehrfacher Mastersstaatsmeister \u00fcber mehrere Freistilstrecken;\u00a0Wolfgang Raml, mehrfacher Masters EM- und WM-Teilnehmer, und zu guter Letzt 800m Freistil Masterstaatsmeister 2014, Christian Abila, forderten [&hellip;]\" \/>\n<meta property=\"og:url\" content=\"https:\/\/www.wsc-schwimmen.at\/wp\/?p=2626\" \/>\n<meta property=\"og:site_name\" content=\"Wiener Sport-Club - Sektion Schwimmen\" \/>\n<meta property=\"article:publisher\" content=\"https:\/\/www.facebook.com\/wsc.schwimmen\" \/>\n<meta property=\"article:published_time\" content=\"2015-04-19T20:00:19+00:00\" \/>\n<meta property=\"article:modified_time\" content=\"2015-04-20T12:07:27+00:00\" \/>\n<meta property=\"og:image\" content=\"http:\/\/www.wsc-schwimmen.at\/wp\/wp-content\/uploads\/2015\/04\/CAM00522-400x300.jpg\" \/>\n<meta name=\"author\" content=\"Christian\" \/>\n<meta name=\"twitter:card\" content=\"summary_large_image\" \/>\n<meta name=\"twitter:label1\" content=\"Verfasst von\" \/>\n\t<meta name=\"twitter:data1\" content=\"Christian\" \/>\n\t<meta name=\"twitter:label2\" content=\"Gesch\u00e4tzte Lesezeit\" \/>\n\t<meta name=\"twitter:data2\" content=\"5\u00a0Minuten\" \/>\n<script type=\"application\/ld+json\" class=\"yoast-schema-graph\">{\"@context\":\"https:\\\/\\\/schema.org\",\"@graph\":[{\"@type\":\"Article\",\"@id\":\"https:\\\/\\\/www.wsc-schwimmen.at\\\/wp\\\/?p=2626#article\",\"isPartOf\":{\"@id\":\"https:\\\/\\\/www.wsc-schwimmen.at\\\/wp\\\/?p=2626\"},\"author\":{\"name\":\"Christian\",\"@id\":\"https:\\\/\\\/www.wsc-schwimmen.at\\\/wp\\\/#\\\/schema\\\/person\\\/e2aa536b8328927cd106fde6e832abca\"},\"headline\":\"Zwei Titel und einen \u00d6R zum Abschluss\",\"datePublished\":\"2015-04-19T20:00:19+00:00\",\"dateModified\":\"2015-04-20T12:07:27+00:00\",\"mainEntityOfPage\":{\"@id\":\"https:\\\/\\\/www.wsc-schwimmen.at\\\/wp\\\/?p=2626\"},\"wordCount\":941,\"commentCount\":0,\"publisher\":{\"@id\":\"https:\\\/\\\/www.wsc-schwimmen.at\\\/wp\\\/#organization\"},\"image\":{\"@id\":\"https:\\\/\\\/www.wsc-schwimmen.at\\\/wp\\\/?p=2626#primaryimage\"},\"thumbnailUrl\":\"http:\\\/\\\/www.wsc-schwimmen.at\\\/wp\\\/wp-content\\\/uploads\\\/2015\\\/04\\\/CAM00522-400x300.jpg\",\"articleSection\":[\"Berichte\"],\"inLanguage\":\"de\",\"potentialAction\":[{\"@type\":\"CommentAction\",\"name\":\"Comment\",\"target\":[\"https:\\\/\\\/www.wsc-schwimmen.at\\\/wp\\\/?p=2626#respond\"]}]},{\"@type\":\"WebPage\",\"@id\":\"https:\\\/\\\/www.wsc-schwimmen.at\\\/wp\\\/?p=2626\",\"url\":\"https:\\\/\\\/www.wsc-schwimmen.at\\\/wp\\\/?p=2626\",\"name\":\"Zwei Titel und einen \u00d6R zum Abschluss - Wiener Sport-Club - Sektion Schwimmen\",\"isPartOf\":{\"@id\":\"https:\\\/\\\/www.wsc-schwimmen.at\\\/wp\\\/#website\"},\"primaryImageOfPage\":{\"@id\":\"https:\\\/\\\/www.wsc-schwimmen.at\\\/wp\\\/?p=2626#primaryimage\"},\"image\":{\"@id\":\"https:\\\/\\\/www.wsc-schwimmen.at\\\/wp\\\/?p=2626#primaryimage\"},\"thumbnailUrl\":\"http:\\\/\\\/www.wsc-schwimmen.at\\\/wp\\\/wp-content\\\/uploads\\\/2015\\\/04\\\/CAM00522-400x300.jpg\",\"datePublished\":\"2015-04-19T20:00:19+00:00\",\"dateModified\":\"2015-04-20T12:07:27+00:00\",\"breadcrumb\":{\"@id\":\"https:\\\/\\\/www.wsc-schwimmen.at\\\/wp\\\/?p=2626#breadcrumb\"},\"inLanguage\":\"de\",\"potentialAction\":[{\"@type\":\"ReadAction\",\"target\":[\"https:\\\/\\\/www.wsc-schwimmen.at\\\/wp\\\/?p=2626\"]}]},{\"@type\":\"ImageObject\",\"inLanguage\":\"de\",\"@id\":\"https:\\\/\\\/www.wsc-schwimmen.at\\\/wp\\\/?p=2626#primaryimage\",\"url\":\"https:\\\/\\\/www.wsc-schwimmen.at\\\/wp\\\/wp-content\\\/uploads\\\/2015\\\/04\\\/CAM00522.jpg\",\"contentUrl\":\"https:\\\/\\\/www.wsc-schwimmen.at\\\/wp\\\/wp-content\\\/uploads\\\/2015\\\/04\\\/CAM00522.jpg\",\"width\":4160,\"height\":3120,\"caption\":\"3.Platz auf 200m Schmetterling\"},{\"@type\":\"BreadcrumbList\",\"@id\":\"https:\\\/\\\/www.wsc-schwimmen.at\\\/wp\\\/?p=2626#breadcrumb\",\"itemListElement\":[{\"@type\":\"ListItem\",\"position\":1,\"name\":\"Startseite\",\"item\":\"https:\\\/\\\/www.wsc-schwimmen.at\\\/wp\"},{\"@type\":\"ListItem\",\"position\":2,\"name\":\"Zwei Titel und einen \u00d6R zum Abschluss\"}]},{\"@type\":\"WebSite\",\"@id\":\"https:\\\/\\\/www.wsc-schwimmen.at\\\/wp\\\/#website\",\"url\":\"https:\\\/\\\/www.wsc-schwimmen.at\\\/wp\\\/\",\"name\":\"Wiener Sport-Club - Sektion Schwimmen\",\"description\":\"Swimming Team\",\"publisher\":{\"@id\":\"https:\\\/\\\/www.wsc-schwimmen.at\\\/wp\\\/#organization\"},\"potentialAction\":[{\"@type\":\"SearchAction\",\"target\":{\"@type\":\"EntryPoint\",\"urlTemplate\":\"https:\\\/\\\/www.wsc-schwimmen.at\\\/wp\\\/?s={search_term_string}\"},\"query-input\":{\"@type\":\"PropertyValueSpecification\",\"valueRequired\":true,\"valueName\":\"search_term_string\"}}],\"inLanguage\":\"de\"},{\"@type\":\"Organization\",\"@id\":\"https:\\\/\\\/www.wsc-schwimmen.at\\\/wp\\\/#organization\",\"name\":\"Wiener Sport-Club Schwimmen\",\"url\":\"https:\\\/\\\/www.wsc-schwimmen.at\\\/wp\\\/\",\"logo\":{\"@type\":\"ImageObject\",\"inLanguage\":\"de\",\"@id\":\"https:\\\/\\\/www.wsc-schwimmen.at\\\/wp\\\/#\\\/schema\\\/logo\\\/image\\\/\",\"url\":\"https:\\\/\\\/www.wsc-schwimmen.at\\\/wp\\\/wp-content\\\/uploads\\\/2011\\\/01\\\/wsc_wappen_kl.gif\",\"contentUrl\":\"https:\\\/\\\/www.wsc-schwimmen.at\\\/wp\\\/wp-content\\\/uploads\\\/2011\\\/01\\\/wsc_wappen_kl.gif\",\"width\":\"118\",\"height\":\"118\",\"caption\":\"Wiener Sport-Club Schwimmen\"},\"image\":{\"@id\":\"https:\\\/\\\/www.wsc-schwimmen.at\\\/wp\\\/#\\\/schema\\\/logo\\\/image\\\/\"},\"sameAs\":[\"https:\\\/\\\/www.facebook.com\\\/wsc.schwimmen\",\"https:\\\/\\\/de.wikipedia.org\\\/wiki\\\/Wiener_Sport-Club\"]},{\"@type\":\"Person\",\"@id\":\"https:\\\/\\\/www.wsc-schwimmen.at\\\/wp\\\/#\\\/schema\\\/person\\\/e2aa536b8328927cd106fde6e832abca\",\"name\":\"Christian\",\"sameAs\":[\"https:\\\/\\\/christian.abila.at\"],\"url\":\"https:\\\/\\\/www.wsc-schwimmen.at\\\/wp\\\/?author=6\"}]}<\/script>\n<!-- \/ Yoast SEO plugin. -->","yoast_head_json":{"title":"Zwei Titel und einen \u00d6R zum Abschluss - Wiener Sport-Club - Sektion Schwimmen","robots":{"index":"index","follow":"follow","max-snippet":"max-snippet:-1","max-image-preview":"max-image-preview:large","max-video-preview":"max-video-preview:-1"},"canonical":"https:\/\/www.wsc-schwimmen.at\/wp\/?p=2626","og_locale":"de_DE","og_type":"article","og_title":"Zwei Titel und einen \u00d6R zum Abschluss - Wiener Sport-Club - Sektion Schwimmen","og_description":"Wien-Floridsdorf &#8211; Am dritten und damit letzten Wettkampftag erschien die Schwimmsektion des Wiener-Sport Clubs in neuer Garnitur. Carmen Halper, ihres Zeichens R\u00fccken-Mastersstaatsmeisterin von 2013;\u00a0Ulrike Greiner, ebenso Mastersstaatsmeisterin in der 4x50m Mixedstaffel aus\u00a02013;\u00a0Peter Polak, mehrfacher Mastersstaatsmeister \u00fcber mehrere Freistilstrecken;\u00a0Wolfgang Raml, mehrfacher Masters EM- und WM-Teilnehmer, und zu guter Letzt 800m Freistil Masterstaatsmeister 2014, Christian Abila, forderten [&hellip;]","og_url":"https:\/\/www.wsc-schwimmen.at\/wp\/?p=2626","og_site_name":"Wiener Sport-Club - Sektion Schwimmen","article_publisher":"https:\/\/www.facebook.com\/wsc.schwimmen","article_published_time":"2015-04-19T20:00:19+00:00","article_modified_time":"2015-04-20T12:07:27+00:00","og_image":[{"url":"http:\/\/www.wsc-schwimmen.at\/wp\/wp-content\/uploads\/2015\/04\/CAM00522-400x300.jpg","type":"","width":"","height":""}],"author":"Christian","twitter_card":"summary_large_image","twitter_misc":{"Verfasst von":"Christian","Gesch\u00e4tzte Lesezeit":"5\u00a0Minuten"},"schema":{"@context":"https:\/\/schema.org","@graph":[{"@type":"Article","@id":"https:\/\/www.wsc-schwimmen.at\/wp\/?p=2626#article","isPartOf":{"@id":"https:\/\/www.wsc-schwimmen.at\/wp\/?p=2626"},"author":{"name":"Christian","@id":"https:\/\/www.wsc-schwimmen.at\/wp\/#\/schema\/person\/e2aa536b8328927cd106fde6e832abca"},"headline":"Zwei Titel und einen \u00d6R zum Abschluss","datePublished":"2015-04-19T20:00:19+00:00","dateModified":"2015-04-20T12:07:27+00:00","mainEntityOfPage":{"@id":"https:\/\/www.wsc-schwimmen.at\/wp\/?p=2626"},"wordCount":941,"commentCount":0,"publisher":{"@id":"https:\/\/www.wsc-schwimmen.at\/wp\/#organization"},"image":{"@id":"https:\/\/www.wsc-schwimmen.at\/wp\/?p=2626#primaryimage"},"thumbnailUrl":"http:\/\/www.wsc-schwimmen.at\/wp\/wp-content\/uploads\/2015\/04\/CAM00522-400x300.jpg","articleSection":["Berichte"],"inLanguage":"de","potentialAction":[{"@type":"CommentAction","name":"Comment","target":["https:\/\/www.wsc-schwimmen.at\/wp\/?p=2626#respond"]}]},{"@type":"WebPage","@id":"https:\/\/www.wsc-schwimmen.at\/wp\/?p=2626","url":"https:\/\/www.wsc-schwimmen.at\/wp\/?p=2626","name":"Zwei Titel und einen \u00d6R zum Abschluss - Wiener Sport-Club - Sektion Schwimmen","isPartOf":{"@id":"https:\/\/www.wsc-schwimmen.at\/wp\/#website"},"primaryImageOfPage":{"@id":"https:\/\/www.wsc-schwimmen.at\/wp\/?p=2626#primaryimage"},"image":{"@id":"https:\/\/www.wsc-schwimmen.at\/wp\/?p=2626#primaryimage"},"thumbnailUrl":"http:\/\/www.wsc-schwimmen.at\/wp\/wp-content\/uploads\/2015\/04\/CAM00522-400x300.jpg","datePublished":"2015-04-19T20:00:19+00:00","dateModified":"2015-04-20T12:07:27+00:00","breadcrumb":{"@id":"https:\/\/www.wsc-schwimmen.at\/wp\/?p=2626#breadcrumb"},"inLanguage":"de","potentialAction":[{"@type":"ReadAction","target":["https:\/\/www.wsc-schwimmen.at\/wp\/?p=2626"]}]},{"@type":"ImageObject","inLanguage":"de","@id":"https:\/\/www.wsc-schwimmen.at\/wp\/?p=2626#primaryimage","url":"https:\/\/www.wsc-schwimmen.at\/wp\/wp-content\/uploads\/2015\/04\/CAM00522.jpg","contentUrl":"https:\/\/www.wsc-schwimmen.at\/wp\/wp-content\/uploads\/2015\/04\/CAM00522.jpg","width":4160,"height":3120,"caption":"3.Platz auf 200m Schmetterling"},{"@type":"BreadcrumbList","@id":"https:\/\/www.wsc-schwimmen.at\/wp\/?p=2626#breadcrumb","itemListElement":[{"@type":"ListItem","position":1,"name":"Startseite","item":"https:\/\/www.wsc-schwimmen.at\/wp"},{"@type":"ListItem","position":2,"name":"Zwei Titel und einen \u00d6R zum Abschluss"}]},{"@type":"WebSite","@id":"https:\/\/www.wsc-schwimmen.at\/wp\/#website","url":"https:\/\/www.wsc-schwimmen.at\/wp\/","name":"Wiener Sport-Club - Sektion Schwimmen","description":"Swimming Team","publisher":{"@id":"https:\/\/www.wsc-schwimmen.at\/wp\/#organization"},"potentialAction":[{"@type":"SearchAction","target":{"@type":"EntryPoint","urlTemplate":"https:\/\/www.wsc-schwimmen.at\/wp\/?s={search_term_string}"},"query-input":{"@type":"PropertyValueSpecification","valueRequired":true,"valueName":"search_term_string"}}],"inLanguage":"de"},{"@type":"Organization","@id":"https:\/\/www.wsc-schwimmen.at\/wp\/#organization","name":"Wiener Sport-Club Schwimmen","url":"https:\/\/www.wsc-schwimmen.at\/wp\/","logo":{"@type":"ImageObject","inLanguage":"de","@id":"https:\/\/www.wsc-schwimmen.at\/wp\/#\/schema\/logo\/image\/","url":"https:\/\/www.wsc-schwimmen.at\/wp\/wp-content\/uploads\/2011\/01\/wsc_wappen_kl.gif","contentUrl":"https:\/\/www.wsc-schwimmen.at\/wp\/wp-content\/uploads\/2011\/01\/wsc_wappen_kl.gif","width":"118","height":"118","caption":"Wiener Sport-Club Schwimmen"},"image":{"@id":"https:\/\/www.wsc-schwimmen.at\/wp\/#\/schema\/logo\/image\/"},"sameAs":["https:\/\/www.facebook.com\/wsc.schwimmen","https:\/\/de.wikipedia.org\/wiki\/Wiener_Sport-Club"]},{"@type":"Person","@id":"https:\/\/www.wsc-schwimmen.at\/wp\/#\/schema\/person\/e2aa536b8328927cd106fde6e832abca","name":"Christian","sameAs":["https:\/\/christian.abila.at"],"url":"https:\/\/www.wsc-schwimmen.at\/wp\/?author=6"}]}},"jetpack_publicize_connections":[],"jetpack_featured_media_url":"","jetpack_sharing_enabled":true,"jetpack_shortlink":"https:\/\/wp.me\/p8Z6fd-Gm","jetpack-related-posts":[],"_links":{"self":[{"href":"https:\/\/www.wsc-schwimmen.at\/wp\/index.php?rest_route=\/wp\/v2\/posts\/2626","targetHints":{"allow":["GET"]}}],"collection":[{"href":"https:\/\/www.wsc-schwimmen.at\/wp\/index.php?rest_route=\/wp\/v2\/posts"}],"about":[{"href":"https:\/\/www.wsc-schwimmen.at\/wp\/index.php?rest_route=\/wp\/v2\/types\/post"}],"author":[{"embeddable":true,"href":"https:\/\/www.wsc-schwimmen.at\/wp\/index.php?rest_route=\/wp\/v2\/users\/6"}],"replies":[{"embeddable":true,"href":"https:\/\/www.wsc-schwimmen.at\/wp\/index.php?rest_route=%2Fwp%2Fv2%2Fcomments&post=2626"}],"version-history":[{"count":5,"href":"https:\/\/www.wsc-schwimmen.at\/wp\/index.php?rest_route=\/wp\/v2\/posts\/2626\/revisions"}],"predecessor-version":[{"id":2632,"href":"https:\/\/www.wsc-schwimmen.at\/wp\/index.php?rest_route=\/wp\/v2\/posts\/2626\/revisions\/2632"}],"wp:attachment":[{"href":"https:\/\/www.wsc-schwimmen.at\/wp\/index.php?rest_route=%2Fwp%2Fv2%2Fmedia&parent=2626"}],"wp:term":[{"taxonomy":"category","embeddable":true,"href":"https:\/\/www.wsc-schwimmen.at\/wp\/index.php?rest_route=%2Fwp%2Fv2%2Fcategories&post=2626"},{"taxonomy":"post_tag","embeddable":true,"href":"https:\/\/www.wsc-schwimmen.at\/wp\/index.php?rest_route=%2Fwp%2Fv2%2Ftags&post=2626"}],"curies":[{"name":"wp","href":"https:\/\/api.w.org\/{rel}","templated":true}]}}