{"id":4043,"date":"2021-09-22T16:01:15","date_gmt":"2021-09-22T15:01:15","guid":{"rendered":"https:\/\/www.wsc-schwimmen.at\/wp\/?p=4043"},"modified":"2021-09-22T16:10:31","modified_gmt":"2021-09-22T15:10:31","slug":"der-wsc-uebersiedelt-ins-ottakringer-bad","status":"publish","type":"post","link":"https:\/\/www.wsc-schwimmen.at\/wp\/?p=4043","title":{"rendered":"Der WSC \u00fcbersiedelt ins Ottakringer Bad"},"content":{"rendered":"<p>Alles Neu macht der September!<\/p>\n<p>Mit dem neuen Plan zur Trainingsbahnenverteilung treibt der WLSV das Konzept &#8222;Ein Verein, ein Bad&#8220; konsequent weiter.<\/p>\n<p>Das bedeuted f\u00fcr den WSC nach Jahren des Pendelns zwischen H\u00fcteldorf, Brigittenau, Hietzing, Stadionbad und zuletzt Amalienbad, dass er einen eigenen,exklusiven St\u00fctzpunkt erh\u00e4lt, den er betrieben wird.<\/p>\n<p>Wir sehen das als gro\u00dfe Chance, ein Einzugsgebiet mit qualitativen Schwimmtraining f\u00fcr Kinder betreuen und stabile Trainingsbedingungen bieten zu k\u00f6nnen.<\/p>\n<p>Bei den Erwachsenen k\u00f6nnen zwar auch weiterhin zwei Leistunggruppen trainiert werden, aber der Wettkampfgruppe fehlen derzeit noch 2 wichtige Einheiten in der Woche, da in diesem Winter das Stadionbad noch nicht zur Verf\u00fcgung steht (die neue Halle soll im Fr\u00fchjahr fertig werden).<\/p>\n<p>Aber jetzt freuen wir uns, einen Schritt nach dem anderen in eine planbarere Zukunft zu gehen.<\/p>\n<p>Wir freuen uns, wenn Sie ein Teil davon werden!<\/p>\n<p>&nbsp;<\/p>\n<p>DIe <strong>Erwachsenen<\/strong> starten mit 23.9.2021 das Training!<\/p>\n<p>Die Aufnahme des <strong>Nachwuchstraining<\/strong> in Ottakring wird noch orangisiert und bekanntgegeben!<\/p>\n<p>&nbsp;<\/p>\n<p>Link: <a href=\"https:\/\/www.wsc-schwimmen.at\/wp\/?page_id=5\">Trainingszeiten 2021\/22<\/a><\/p>\n","protected":false},"excerpt":{"rendered":"<p>Alles Neu macht der September! Mit dem neuen Plan zur Trainingsbahnenverteilung treibt der WLSV das Konzept &#8222;Ein Verein, ein Bad&#8220; konsequent weiter. Das bedeuted f\u00fcr den WSC nach Jahren des Pendelns zwischen H\u00fcteldorf, Brigittenau, Hietzing, Stadionbad und zuletzt Amalienbad, dass er einen eigenen,exklusiven St\u00fctzpunkt erh\u00e4lt, den er betrieben wird. Wir sehen das als gro\u00dfe Chance, [&hellip;]<\/p>\n","protected":false},"author":1,"featured_media":0,"comment_status":"open","ping_status":"closed","sticky":false,"template":"","format":"standard","meta":{"jetpack_post_was_ever_published":false,"_jetpack_newsletter_access":"","_jetpack_dont_email_post_to_subs":false,"_jetpack_newsletter_tier_id":0,"_jetpack_memberships_contains_paywalled_content":false,"_jetpack_memberships_contains_paid_content":false,"footnotes":"","jetpack_publicize_message":"","jetpack_publicize_feature_enabled":true,"jetpack_social_post_already_shared":true,"jetpack_social_options":{"image_generator_settings":{"template":"highway","default_image_id":0,"font":"","enabled":false},"version":2}},"categories":[5],"tags":[],"class_list":["post-4043","post","type-post","status-publish","format-standard","hentry","category-news"],"yoast_head":"<!-- This site is optimized with the Yoast SEO plugin v27.4 - https:\/\/yoast.com\/product\/yoast-seo-wordpress\/ -->\n<title>Der WSC \u00fcbersiedelt ins Ottakringer Bad - Wiener Sport-Club - Sektion Schwimmen<\/title>\n<meta name=\"robots\" content=\"index, follow, max-snippet:-1, max-image-preview:large, max-video-preview:-1\" \/>\n<link rel=\"canonical\" href=\"https:\/\/www.wsc-schwimmen.at\/wp\/?p=4043\" \/>\n<meta property=\"og:locale\" content=\"de_DE\" \/>\n<meta property=\"og:type\" content=\"article\" \/>\n<meta property=\"og:title\" content=\"Der WSC \u00fcbersiedelt ins Ottakringer Bad - Wiener Sport-Club - Sektion Schwimmen\" \/>\n<meta property=\"og:description\" content=\"Alles Neu macht der September! Mit dem neuen Plan zur Trainingsbahnenverteilung treibt der WLSV das Konzept &#8222;Ein Verein, ein Bad&#8220; konsequent weiter. Das bedeuted f\u00fcr den WSC nach Jahren des Pendelns zwischen H\u00fcteldorf, Brigittenau, Hietzing, Stadionbad und zuletzt Amalienbad, dass er einen eigenen,exklusiven St\u00fctzpunkt erh\u00e4lt, den er betrieben wird. Wir sehen das als gro\u00dfe Chance, [&hellip;]\" \/>\n<meta property=\"og:url\" content=\"https:\/\/www.wsc-schwimmen.at\/wp\/?p=4043\" \/>\n<meta property=\"og:site_name\" content=\"Wiener Sport-Club - Sektion Schwimmen\" \/>\n<meta property=\"article:publisher\" content=\"https:\/\/www.facebook.com\/wsc.schwimmen\" \/>\n<meta property=\"article:published_time\" content=\"2021-09-22T15:01:15+00:00\" \/>\n<meta property=\"article:modified_time\" content=\"2021-09-22T15:10:31+00:00\" \/>\n<meta name=\"author\" content=\"admin\" \/>\n<meta name=\"twitter:card\" content=\"summary_large_image\" \/>\n<meta name=\"twitter:label1\" content=\"Verfasst von\" \/>\n\t<meta name=\"twitter:data1\" content=\"admin\" \/>\n\t<meta name=\"twitter:label2\" content=\"Gesch\u00e4tzte Lesezeit\" \/>\n\t<meta name=\"twitter:data2\" content=\"1\u00a0Minute\" \/>\n<script type=\"application\/ld+json\" class=\"yoast-schema-graph\">{\"@context\":\"https:\\\/\\\/schema.org\",\"@graph\":[{\"@type\":\"Article\",\"@id\":\"https:\\\/\\\/www.wsc-schwimmen.at\\\/wp\\\/?p=4043#article\",\"isPartOf\":{\"@id\":\"https:\\\/\\\/www.wsc-schwimmen.at\\\/wp\\\/?p=4043\"},\"author\":{\"name\":\"admin\",\"@id\":\"https:\\\/\\\/www.wsc-schwimmen.at\\\/wp\\\/#\\\/schema\\\/person\\\/d3e14ad70bd903c29d4d35cee6723746\"},\"headline\":\"Der WSC \u00fcbersiedelt ins Ottakringer Bad\",\"datePublished\":\"2021-09-22T15:01:15+00:00\",\"dateModified\":\"2021-09-22T15:10:31+00:00\",\"mainEntityOfPage\":{\"@id\":\"https:\\\/\\\/www.wsc-schwimmen.at\\\/wp\\\/?p=4043\"},\"wordCount\":173,\"commentCount\":0,\"publisher\":{\"@id\":\"https:\\\/\\\/www.wsc-schwimmen.at\\\/wp\\\/#organization\"},\"articleSection\":[\"News\"],\"inLanguage\":\"de\",\"potentialAction\":[{\"@type\":\"CommentAction\",\"name\":\"Comment\",\"target\":[\"https:\\\/\\\/www.wsc-schwimmen.at\\\/wp\\\/?p=4043#respond\"]}]},{\"@type\":\"WebPage\",\"@id\":\"https:\\\/\\\/www.wsc-schwimmen.at\\\/wp\\\/?p=4043\",\"url\":\"https:\\\/\\\/www.wsc-schwimmen.at\\\/wp\\\/?p=4043\",\"name\":\"Der WSC \u00fcbersiedelt ins Ottakringer Bad - Wiener Sport-Club - Sektion Schwimmen\",\"isPartOf\":{\"@id\":\"https:\\\/\\\/www.wsc-schwimmen.at\\\/wp\\\/#website\"},\"datePublished\":\"2021-09-22T15:01:15+00:00\",\"dateModified\":\"2021-09-22T15:10:31+00:00\",\"breadcrumb\":{\"@id\":\"https:\\\/\\\/www.wsc-schwimmen.at\\\/wp\\\/?p=4043#breadcrumb\"},\"inLanguage\":\"de\",\"potentialAction\":[{\"@type\":\"ReadAction\",\"target\":[\"https:\\\/\\\/www.wsc-schwimmen.at\\\/wp\\\/?p=4043\"]}]},{\"@type\":\"BreadcrumbList\",\"@id\":\"https:\\\/\\\/www.wsc-schwimmen.at\\\/wp\\\/?p=4043#breadcrumb\",\"itemListElement\":[{\"@type\":\"ListItem\",\"position\":1,\"name\":\"Startseite\",\"item\":\"https:\\\/\\\/www.wsc-schwimmen.at\\\/wp\"},{\"@type\":\"ListItem\",\"position\":2,\"name\":\"Der WSC \u00fcbersiedelt ins Ottakringer Bad\"}]},{\"@type\":\"WebSite\",\"@id\":\"https:\\\/\\\/www.wsc-schwimmen.at\\\/wp\\\/#website\",\"url\":\"https:\\\/\\\/www.wsc-schwimmen.at\\\/wp\\\/\",\"name\":\"Wiener Sport-Club - Sektion Schwimmen\",\"description\":\"Swimming Team\",\"publisher\":{\"@id\":\"https:\\\/\\\/www.wsc-schwimmen.at\\\/wp\\\/#organization\"},\"potentialAction\":[{\"@type\":\"SearchAction\",\"target\":{\"@type\":\"EntryPoint\",\"urlTemplate\":\"https:\\\/\\\/www.wsc-schwimmen.at\\\/wp\\\/?s={search_term_string}\"},\"query-input\":{\"@type\":\"PropertyValueSpecification\",\"valueRequired\":true,\"valueName\":\"search_term_string\"}}],\"inLanguage\":\"de\"},{\"@type\":\"Organization\",\"@id\":\"https:\\\/\\\/www.wsc-schwimmen.at\\\/wp\\\/#organization\",\"name\":\"Wiener Sport-Club Schwimmen\",\"url\":\"https:\\\/\\\/www.wsc-schwimmen.at\\\/wp\\\/\",\"logo\":{\"@type\":\"ImageObject\",\"inLanguage\":\"de\",\"@id\":\"https:\\\/\\\/www.wsc-schwimmen.at\\\/wp\\\/#\\\/schema\\\/logo\\\/image\\\/\",\"url\":\"https:\\\/\\\/www.wsc-schwimmen.at\\\/wp\\\/wp-content\\\/uploads\\\/2011\\\/01\\\/wsc_wappen_kl.gif\",\"contentUrl\":\"https:\\\/\\\/www.wsc-schwimmen.at\\\/wp\\\/wp-content\\\/uploads\\\/2011\\\/01\\\/wsc_wappen_kl.gif\",\"width\":\"118\",\"height\":\"118\",\"caption\":\"Wiener Sport-Club Schwimmen\"},\"image\":{\"@id\":\"https:\\\/\\\/www.wsc-schwimmen.at\\\/wp\\\/#\\\/schema\\\/logo\\\/image\\\/\"},\"sameAs\":[\"https:\\\/\\\/www.facebook.com\\\/wsc.schwimmen\",\"https:\\\/\\\/de.wikipedia.org\\\/wiki\\\/Wiener_Sport-Club\"]},{\"@type\":\"Person\",\"@id\":\"https:\\\/\\\/www.wsc-schwimmen.at\\\/wp\\\/#\\\/schema\\\/person\\\/d3e14ad70bd903c29d4d35cee6723746\",\"name\":\"admin\",\"url\":\"https:\\\/\\\/www.wsc-schwimmen.at\\\/wp\\\/?author=1\"}]}<\/script>\n<!-- \/ Yoast SEO plugin. -->","yoast_head_json":{"title":"Der WSC \u00fcbersiedelt ins Ottakringer Bad - Wiener Sport-Club - Sektion Schwimmen","robots":{"index":"index","follow":"follow","max-snippet":"max-snippet:-1","max-image-preview":"max-image-preview:large","max-video-preview":"max-video-preview:-1"},"canonical":"https:\/\/www.wsc-schwimmen.at\/wp\/?p=4043","og_locale":"de_DE","og_type":"article","og_title":"Der WSC \u00fcbersiedelt ins Ottakringer Bad - Wiener Sport-Club - Sektion Schwimmen","og_description":"Alles Neu macht der September! Mit dem neuen Plan zur Trainingsbahnenverteilung treibt der WLSV das Konzept &#8222;Ein Verein, ein Bad&#8220; konsequent weiter. Das bedeuted f\u00fcr den WSC nach Jahren des Pendelns zwischen H\u00fcteldorf, Brigittenau, Hietzing, Stadionbad und zuletzt Amalienbad, dass er einen eigenen,exklusiven St\u00fctzpunkt erh\u00e4lt, den er betrieben wird. Wir sehen das als gro\u00dfe Chance, [&hellip;]","og_url":"https:\/\/www.wsc-schwimmen.at\/wp\/?p=4043","og_site_name":"Wiener Sport-Club - Sektion Schwimmen","article_publisher":"https:\/\/www.facebook.com\/wsc.schwimmen","article_published_time":"2021-09-22T15:01:15+00:00","article_modified_time":"2021-09-22T15:10:31+00:00","author":"admin","twitter_card":"summary_large_image","twitter_misc":{"Verfasst von":"admin","Gesch\u00e4tzte Lesezeit":"1\u00a0Minute"},"schema":{"@context":"https:\/\/schema.org","@graph":[{"@type":"Article","@id":"https:\/\/www.wsc-schwimmen.at\/wp\/?p=4043#article","isPartOf":{"@id":"https:\/\/www.wsc-schwimmen.at\/wp\/?p=4043"},"author":{"name":"admin","@id":"https:\/\/www.wsc-schwimmen.at\/wp\/#\/schema\/person\/d3e14ad70bd903c29d4d35cee6723746"},"headline":"Der WSC \u00fcbersiedelt ins Ottakringer Bad","datePublished":"2021-09-22T15:01:15+00:00","dateModified":"2021-09-22T15:10:31+00:00","mainEntityOfPage":{"@id":"https:\/\/www.wsc-schwimmen.at\/wp\/?p=4043"},"wordCount":173,"commentCount":0,"publisher":{"@id":"https:\/\/www.wsc-schwimmen.at\/wp\/#organization"},"articleSection":["News"],"inLanguage":"de","potentialAction":[{"@type":"CommentAction","name":"Comment","target":["https:\/\/www.wsc-schwimmen.at\/wp\/?p=4043#respond"]}]},{"@type":"WebPage","@id":"https:\/\/www.wsc-schwimmen.at\/wp\/?p=4043","url":"https:\/\/www.wsc-schwimmen.at\/wp\/?p=4043","name":"Der WSC \u00fcbersiedelt ins Ottakringer Bad - Wiener Sport-Club - Sektion Schwimmen","isPartOf":{"@id":"https:\/\/www.wsc-schwimmen.at\/wp\/#website"},"datePublished":"2021-09-22T15:01:15+00:00","dateModified":"2021-09-22T15:10:31+00:00","breadcrumb":{"@id":"https:\/\/www.wsc-schwimmen.at\/wp\/?p=4043#breadcrumb"},"inLanguage":"de","potentialAction":[{"@type":"ReadAction","target":["https:\/\/www.wsc-schwimmen.at\/wp\/?p=4043"]}]},{"@type":"BreadcrumbList","@id":"https:\/\/www.wsc-schwimmen.at\/wp\/?p=4043#breadcrumb","itemListElement":[{"@type":"ListItem","position":1,"name":"Startseite","item":"https:\/\/www.wsc-schwimmen.at\/wp"},{"@type":"ListItem","position":2,"name":"Der WSC \u00fcbersiedelt ins Ottakringer Bad"}]},{"@type":"WebSite","@id":"https:\/\/www.wsc-schwimmen.at\/wp\/#website","url":"https:\/\/www.wsc-schwimmen.at\/wp\/","name":"Wiener Sport-Club - Sektion Schwimmen","description":"Swimming Team","publisher":{"@id":"https:\/\/www.wsc-schwimmen.at\/wp\/#organization"},"potentialAction":[{"@type":"SearchAction","target":{"@type":"EntryPoint","urlTemplate":"https:\/\/www.wsc-schwimmen.at\/wp\/?s={search_term_string}"},"query-input":{"@type":"PropertyValueSpecification","valueRequired":true,"valueName":"search_term_string"}}],"inLanguage":"de"},{"@type":"Organization","@id":"https:\/\/www.wsc-schwimmen.at\/wp\/#organization","name":"Wiener Sport-Club Schwimmen","url":"https:\/\/www.wsc-schwimmen.at\/wp\/","logo":{"@type":"ImageObject","inLanguage":"de","@id":"https:\/\/www.wsc-schwimmen.at\/wp\/#\/schema\/logo\/image\/","url":"https:\/\/www.wsc-schwimmen.at\/wp\/wp-content\/uploads\/2011\/01\/wsc_wappen_kl.gif","contentUrl":"https:\/\/www.wsc-schwimmen.at\/wp\/wp-content\/uploads\/2011\/01\/wsc_wappen_kl.gif","width":"118","height":"118","caption":"Wiener Sport-Club Schwimmen"},"image":{"@id":"https:\/\/www.wsc-schwimmen.at\/wp\/#\/schema\/logo\/image\/"},"sameAs":["https:\/\/www.facebook.com\/wsc.schwimmen","https:\/\/de.wikipedia.org\/wiki\/Wiener_Sport-Club"]},{"@type":"Person","@id":"https:\/\/www.wsc-schwimmen.at\/wp\/#\/schema\/person\/d3e14ad70bd903c29d4d35cee6723746","name":"admin","url":"https:\/\/www.wsc-schwimmen.at\/wp\/?author=1"}]}},"jetpack_publicize_connections":[],"jetpack_featured_media_url":"","jetpack_sharing_enabled":true,"jetpack_shortlink":"https:\/\/wp.me\/p8Z6fd-13d","jetpack-related-posts":[],"_links":{"self":[{"href":"https:\/\/www.wsc-schwimmen.at\/wp\/index.php?rest_route=\/wp\/v2\/posts\/4043","targetHints":{"allow":["GET"]}}],"collection":[{"href":"https:\/\/www.wsc-schwimmen.at\/wp\/index.php?rest_route=\/wp\/v2\/posts"}],"about":[{"href":"https:\/\/www.wsc-schwimmen.at\/wp\/index.php?rest_route=\/wp\/v2\/types\/post"}],"author":[{"embeddable":true,"href":"https:\/\/www.wsc-schwimmen.at\/wp\/index.php?rest_route=\/wp\/v2\/users\/1"}],"replies":[{"embeddable":true,"href":"https:\/\/www.wsc-schwimmen.at\/wp\/index.php?rest_route=%2Fwp%2Fv2%2Fcomments&post=4043"}],"version-history":[{"count":4,"href":"https:\/\/www.wsc-schwimmen.at\/wp\/index.php?rest_route=\/wp\/v2\/posts\/4043\/revisions"}],"predecessor-version":[{"id":4049,"href":"https:\/\/www.wsc-schwimmen.at\/wp\/index.php?rest_route=\/wp\/v2\/posts\/4043\/revisions\/4049"}],"wp:attachment":[{"href":"https:\/\/www.wsc-schwimmen.at\/wp\/index.php?rest_route=%2Fwp%2Fv2%2Fmedia&parent=4043"}],"wp:term":[{"taxonomy":"category","embeddable":true,"href":"https:\/\/www.wsc-schwimmen.at\/wp\/index.php?rest_route=%2Fwp%2Fv2%2Fcategories&post=4043"},{"taxonomy":"post_tag","embeddable":true,"href":"https:\/\/www.wsc-schwimmen.at\/wp\/index.php?rest_route=%2Fwp%2Fv2%2Ftags&post=4043"}],"curies":[{"name":"wp","href":"https:\/\/api.w.org\/{rel}","templated":true}]}}