{"id":606,"date":"2011-05-27T06:43:27","date_gmt":"2011-05-27T05:43:27","guid":{"rendered":"http:\/\/www.wsc-schwimmen.at\/wp\/?p=606"},"modified":"2012-04-04T10:39:52","modified_gmt":"2012-04-04T09:39:52","slug":"xxvii-campionat-catalunya-open-masters","status":"publish","type":"post","link":"https:\/\/www.wsc-schwimmen.at\/wp\/?p=606","title":{"rendered":"XXVII Campionat Catalunya Open M\u00e0sters"},"content":{"rendered":"<p>Am 21. und 22. Mai fanden heuer die 27. Katalanischen Meisterschaften f\u00fcr Masters (<a href=\"http:\/\/www.natacio.cat\/cat\/seccio\/veure\/444\">XXVII Campionat Catalunya Open M\u00e0sters<\/a>) in der katalanischen Hauptstadt Barcelona statt. Ausrichter der Veranstaltung war dieses Jahr der Schwimmclub Sant Andreu (<a href=\"http:\/\/www.cnsandreu.com\/index.php?option=com_frontpage&amp;Itemid=1\">Club Nataci\u00f3 Sant Andreu<\/a>), ans\u00e4ssig im gleichnamigen Stadtviertel Sant Andreu in Barcelona. Der Katalanische Schwimmverband feiert dieses Jahr seinen 90. Geburtstag.<\/p>\n<p><strong>Rund 650 Teilnehmende aus 6 L\u00e4ndern<\/strong><\/p>\n<p>Genannt hatten ca. 650 Schwimmer und Schwimmerinnen, die meisten davon naturgem\u00e4\u00df aus Spanien, gefolgt von einer gro\u00dfen italienischen Fraktion (\u00fcber 100 Teilnehmende aus 13 Vereinen). Kleinere Teams kamen aus Frankreich (7 Teilnehmende, 3 Vereine), Schweden (1,1), Andorra (1,1) sowie aus \u00d6sterreich, dessen einziger Vertreter <strong>Christian Pischl\u00f6ger<\/strong> vom Wiener Sport-Club war. Russland war mit einem All Star Team \u2013 vier Herren und 2 Damen \u2013 am Start. Alle Ergebnisse der Veranstaltung k\u00f6nnen <a href=\"http:\/\/www.wsc-schwimmen.at\/wp\/wp-content\/uploads\/2011\/05\/totsresultats.pdf\">hier<\/a> heruntergeladen werden.<\/p>\n<p><strong>50m-Becken, 27,7\u00b0 Celsius Wassertemperatur, Halle und Freibad<br \/> <\/strong><\/p>\n<p>Geschwommen wurde in einem 50m-Becken, die Temperatur des Wassers lag bei 27,7\u00b0 Celsius. F\u00fcr das Ein- bzw. Ausschwimmen stand ein kleineres \u2013 flacheres und w\u00e4rmeres &#8211; Becken bereit. Beide Becken verf\u00fcgen \u00fcber automatische D\u00e4cher, die je nach Wetter und Bedarf den Betrieb sowohl in der Halle als auch im Freien erm\u00f6glichen.<\/p>\n<p>Der Wettkampf selbst war gut organisiert, es wurden alle \u00fcblichen Lagen und Distanzen bis 400m geschwommen, wobei sich bei den 400m Kraul jeweils zwei SchwimmerInnen die Bahn teilten und per Hand gestoppt wurde. Pro Person waren maximal drei Einzelstarts zul\u00e4ssig. Die Wettbewerbe fanden in einer freundschaftlichen und famili\u00e4ren Atmosph\u00e4re statt, die von einem katalanisch-spanisch-italienischen Sprachengewirr gekennzeichnet war.<\/p>\n<p><strong>Sant Andreu &#8211; nicht &#8222;nur&#8220; ein Schwimmclub<\/strong><\/p>\n<p>Der Schwimmklub Sant Andreu verf\u00fcgt \u00fcber ein beeindruckend ausgestattetes Klubgel\u00e4nde, wo man neben Schwimmen und <a href=\"http:\/\/www.cnsandreu.com\/index.php?option=com_content&amp;task=blogcategory&amp;id=61&amp;Itemid=56\">Wasserball<\/a> auch <a href=\"http:\/\/www.cnsandreu.com\/index.php?option=com_content&amp;task=blogcategory&amp;id=21&amp;Itemid=59\">Duathlon\/Triathlon<\/a> betreiben kann und die M\u00f6glichkeit zur Aus\u00fcbung anderer Sportarten hat. So findet sich auch ein Multifunktionsspielfeld (Handball, Basketball, Volleyball und Fu\u00dfball), <a href=\"http:\/\/www.cnsandreu.com\/index.php?option=com_content&amp;task=blogcategory&amp;id=17&amp;Itemid=57\">Sandpl\u00e4tze f\u00fcr Tennis<\/a>, <a href=\"http:\/\/www.cnsandreu.com\/index.php?option=com_content&amp;task=blogcategory&amp;id=19&amp;Itemid=58\">Sqashpl\u00e4tze<\/a> und Spielpl\u00e4tze f\u00fcr das Petanca (frz. <a href=\"http:\/\/de.wiktionary.org\/wiki\/Petanque\">Petanque<\/a>) hat. Auch Anh\u00e4nger des <a href=\"http:\/\/de.wikipedia.org\/wiki\/Mus_%28Kartenspiel%29\">Mus<\/a>, eines Kartenspiels mit baskischen Wurzeln, oder des katalanischen Kartenspiels <a href=\"http:\/\/ca.wikipedia.org\/wiki\/Joc_de_la_botifarra\">Botifarra<\/a> k\u00f6nnen ihr Freizeitvergn\u00fcgen innerhalb des Clubs aus\u00fcben. <a href=\"http:\/\/www.cnsandreu.com\/index.php?option=com_content&amp;task=blogcategory&amp;id=23&amp;Itemid=60\">Weitere Sportarten und Freizeitbesch\u00e4ftigungen<\/a>, die man hier betreiben kann sind z.B.: Wandern, Leichathletik, Hallenfu\u00dfball, Billiard, Bridge, Tischtennis, Schach, Domino, Canasta etc.<\/p>\n<p><strong>Barcelona ist eine Reise wert!<\/strong><\/p>\n<p>Der Schwimmclub Sant Andreu verf\u00fcgt \u00fcber Voraussetzungen und eine Infrastruktur, die man als Mitglied eines \u00f6sterreichischen Amateurschwimmvereins nur staunend bewundern kann. Aufgrund der vielen Teilnehmenden war fast jeder Bewerb so besetzt, dass sich pro Lauf jeweils ungef\u00e4hr gleich starke SchwimmerInnen die acht Bahnen teilen konnten.<\/p>\n<p>Die Katalanen haben sich als hervorragende Gastgeber erwiesen und eine Veranstaltung auf die Beine gestellt, die denjenigen w\u00e4rmstens zu empfehlen ist, deren Zeit- und Finanzbudgets oder sonstige gl\u00fcckliche Umst\u00e4nde es erm\u00f6glichen, an diesem tollen Event dabei zu sein.<\/p>\n<p><strong>Impressionen vom XXVII Campionat Catalunya Open M\u00e0sters<\/strong><\/p>\n<p>&nbsp;<\/p>\n<div id=\"attachment_607\" style=\"width: 410px\" class=\"wp-caption aligncenter\"><a href=\"http:\/\/www.wsc-schwimmen.at\/wp\/?attachment_id=607\" rel=\"attachment wp-att-607\"><img loading=\"lazy\" decoding=\"async\" aria-describedby=\"caption-attachment-607\" data-attachment-id=\"607\" data-permalink=\"https:\/\/www.wsc-schwimmen.at\/wp\/?attachment_id=607\" data-orig-file=\"https:\/\/www.wsc-schwimmen.at\/wp\/wp-content\/uploads\/2011\/05\/DSCN0384.jpg\" data-orig-size=\"4000,3000\" data-comments-opened=\"1\" data-image-meta=\"{&quot;aperture&quot;:&quot;3.5&quot;,&quot;credit&quot;:&quot;&quot;,&quot;camera&quot;:&quot;COOLPIX L110&quot;,&quot;caption&quot;:&quot;&quot;,&quot;created_timestamp&quot;:&quot;1306040109&quot;,&quot;copyright&quot;:&quot;&quot;,&quot;focal_length&quot;:&quot;5&quot;,&quot;iso&quot;:&quot;80&quot;,&quot;shutter_speed&quot;:&quot;0.0220264317181&quot;,&quot;title&quot;:&quot;&quot;}\" data-image-title=\"DSCN0384\" data-image-description=\"\" data-image-caption=\"\" data-large-file=\"https:\/\/www.wsc-schwimmen.at\/wp\/wp-content\/uploads\/2011\/05\/DSCN0384-1024x768.jpg\" class=\"size-medium wp-image-607\" title=\"50m-Becken mit Dach, Wassertemperatur 27,7\u00b0 Celsius.\" src=\"http:\/\/www.wsc-schwimmen.at\/wp\/wp-content\/uploads\/2011\/05\/DSCN0384-400x300.jpg\" alt=\"50m-Becken mit Dach, Wassertemperatur 27,7\u00b0 Celsius.\" width=\"400\" height=\"300\" srcset=\"https:\/\/www.wsc-schwimmen.at\/wp\/wp-content\/uploads\/2011\/05\/DSCN0384-400x300.jpg 400w, https:\/\/www.wsc-schwimmen.at\/wp\/wp-content\/uploads\/2011\/05\/DSCN0384-1024x768.jpg 1024w\" sizes=\"auto, (max-width: 400px) 100vw, 400px\" \/><\/a><p id=\"caption-attachment-607\" class=\"wp-caption-text\">50m-Becken mit Dach, Wassertemperatur 27,7\u00b0 Celsius.<\/p><\/div>\n<p style=\"text-align: center;\">\u00a0<\/p>\n<div id=\"attachment_608\" style=\"width: 410px\" class=\"wp-caption aligncenter\"><a href=\"http:\/\/www.wsc-schwimmen.at\/wp\/?attachment_id=608\" rel=\"attachment wp-att-608\"><img loading=\"lazy\" decoding=\"async\" aria-describedby=\"caption-attachment-608\" data-attachment-id=\"608\" data-permalink=\"https:\/\/www.wsc-schwimmen.at\/wp\/?attachment_id=608\" data-orig-file=\"https:\/\/www.wsc-schwimmen.at\/wp\/wp-content\/uploads\/2011\/05\/DSCN0389.jpg\" data-orig-size=\"4000,3000\" data-comments-opened=\"1\" data-image-meta=\"{&quot;aperture&quot;:&quot;7&quot;,&quot;credit&quot;:&quot;&quot;,&quot;camera&quot;:&quot;COOLPIX L110&quot;,&quot;caption&quot;:&quot;&quot;,&quot;created_timestamp&quot;:&quot;1306046389&quot;,&quot;copyright&quot;:&quot;&quot;,&quot;focal_length&quot;:&quot;5&quot;,&quot;iso&quot;:&quot;80&quot;,&quot;shutter_speed&quot;:&quot;0.00406834825061&quot;,&quot;title&quot;:&quot;&quot;}\" data-image-title=\"DSCN0389\" data-image-description=\"\" data-image-caption=\"\" data-large-file=\"https:\/\/www.wsc-schwimmen.at\/wp\/wp-content\/uploads\/2011\/05\/DSCN0389-1024x768.jpg\" class=\"size-medium wp-image-608 \" title=\"DSCN0389\" src=\"http:\/\/www.wsc-schwimmen.at\/wp\/wp-content\/uploads\/2011\/05\/DSCN0389-400x300.jpg\" alt=\"Um ca. 10.30 beginnt sich das Dach zu \u00f6ffnen.\" width=\"400\" height=\"300\" srcset=\"https:\/\/www.wsc-schwimmen.at\/wp\/wp-content\/uploads\/2011\/05\/DSCN0389-400x300.jpg 400w, https:\/\/www.wsc-schwimmen.at\/wp\/wp-content\/uploads\/2011\/05\/DSCN0389-1024x768.jpg 1024w\" sizes=\"auto, (max-width: 400px) 100vw, 400px\" \/><\/a><p id=\"caption-attachment-608\" class=\"wp-caption-text\">Um ca. 10.30 beginnt sich das Dach zu \u00f6ffnen.<\/p><\/div>\n<p>&nbsp;<\/p>\n<div id=\"attachment_642\" style=\"width: 410px\" class=\"wp-caption aligncenter\"><a href=\"http:\/\/www.wsc-schwimmen.at\/wp\/?attachment_id=642\" rel=\"attachment wp-att-642\"><img loading=\"lazy\" decoding=\"async\" aria-describedby=\"caption-attachment-642\" data-attachment-id=\"642\" data-permalink=\"https:\/\/www.wsc-schwimmen.at\/wp\/?attachment_id=642\" data-orig-file=\"https:\/\/www.wsc-schwimmen.at\/wp\/wp-content\/uploads\/2011\/05\/DSCN0392.jpg\" data-orig-size=\"4000,3000\" data-comments-opened=\"1\" data-image-meta=\"{&quot;aperture&quot;:&quot;3.5&quot;,&quot;credit&quot;:&quot;&quot;,&quot;camera&quot;:&quot;COOLPIX L110&quot;,&quot;caption&quot;:&quot;&quot;,&quot;created_timestamp&quot;:&quot;1306046404&quot;,&quot;copyright&quot;:&quot;&quot;,&quot;focal_length&quot;:&quot;5&quot;,&quot;iso&quot;:&quot;80&quot;,&quot;shutter_speed&quot;:&quot;0.0014220705347&quot;,&quot;title&quot;:&quot;&quot;}\" data-image-title=\"DSCN0392\" data-image-description=\"\" data-image-caption=\"\" data-large-file=\"https:\/\/www.wsc-schwimmen.at\/wp\/wp-content\/uploads\/2011\/05\/DSCN0392-1024x768.jpg\" class=\"size-medium wp-image-642\" title=\"DSCN0392\" src=\"http:\/\/www.wsc-schwimmen.at\/wp\/wp-content\/uploads\/2011\/05\/DSCN0392-400x300.jpg\" alt=\"In weniger als einer Minute wird das Hallenbad zu einem Freibad.\" width=\"400\" height=\"300\" srcset=\"https:\/\/www.wsc-schwimmen.at\/wp\/wp-content\/uploads\/2011\/05\/DSCN0392-400x300.jpg 400w, https:\/\/www.wsc-schwimmen.at\/wp\/wp-content\/uploads\/2011\/05\/DSCN0392-1024x768.jpg 1024w\" sizes=\"auto, (max-width: 400px) 100vw, 400px\" \/><\/a><p id=\"caption-attachment-642\" class=\"wp-caption-text\">In weniger als einer Minute wird das Hallenbad zu einem Freibad.<\/p><\/div>\n<p style=\"text-align: center;\">\u00a0<\/p>\n<div id=\"attachment_614\" style=\"width: 410px\" class=\"wp-caption aligncenter\"><a href=\"http:\/\/www.wsc-schwimmen.at\/wp\/?attachment_id=614\" rel=\"attachment wp-att-614\"><img loading=\"lazy\" decoding=\"async\" aria-describedby=\"caption-attachment-614\" data-attachment-id=\"614\" data-permalink=\"https:\/\/www.wsc-schwimmen.at\/wp\/?attachment_id=614\" data-orig-file=\"https:\/\/www.wsc-schwimmen.at\/wp\/wp-content\/uploads\/2011\/05\/DSCN03981.jpg\" data-orig-size=\"4000,3000\" data-comments-opened=\"1\" data-image-meta=\"{&quot;aperture&quot;:&quot;3.5&quot;,&quot;credit&quot;:&quot;&quot;,&quot;camera&quot;:&quot;COOLPIX L110&quot;,&quot;caption&quot;:&quot;&quot;,&quot;created_timestamp&quot;:&quot;1306053361&quot;,&quot;copyright&quot;:&quot;&quot;,&quot;focal_length&quot;:&quot;5&quot;,&quot;iso&quot;:&quot;80&quot;,&quot;shutter_speed&quot;:&quot;0.00128402670776&quot;,&quot;title&quot;:&quot;&quot;}\" data-image-title=\"DSCN0398\" data-image-description=\"\" data-image-caption=\"\" data-large-file=\"https:\/\/www.wsc-schwimmen.at\/wp\/wp-content\/uploads\/2011\/05\/DSCN03981-1024x768.jpg\" class=\"size-medium wp-image-614 \" title=\"DSCN0398\" src=\"http:\/\/www.wsc-schwimmen.at\/wp\/wp-content\/uploads\/2011\/05\/DSCN03981-400x300.jpg\" alt=\"Ab dem sp\u00e4ten Vormittag fanden die Bewerbe bei idealen fr\u00fchsommerlichen Bedingungen im Freien statt. Rund 650 Teilnehmer und Teilnehmerinnen sowie deren Anhang sorgen f\u00fcr gute Stimmung.\" width=\"400\" height=\"300\" srcset=\"https:\/\/www.wsc-schwimmen.at\/wp\/wp-content\/uploads\/2011\/05\/DSCN03981-400x300.jpg 400w, https:\/\/www.wsc-schwimmen.at\/wp\/wp-content\/uploads\/2011\/05\/DSCN03981-1024x768.jpg 1024w\" sizes=\"auto, (max-width: 400px) 100vw, 400px\" \/><\/a><p id=\"caption-attachment-614\" class=\"wp-caption-text\">Ab dem sp\u00e4ten Vormittag fanden die Bewerbe bei idealen fr\u00fchsommerlichen Bedingungen im Freien statt. Rund 650 Teilnehmer und Teilnehmerinnen sowie deren Anhang sorgen f\u00fcr gute Stimmung.<\/p><\/div>\n<p style=\"text-align: center;\">\u00a0<\/p>\n<div id=\"attachment_641\" style=\"width: 410px\" class=\"wp-caption aligncenter\"><a href=\"http:\/\/www.wsc-schwimmen.at\/wp\/?attachment_id=641\" rel=\"attachment wp-att-641\"><img loading=\"lazy\" decoding=\"async\" aria-describedby=\"caption-attachment-641\" data-attachment-id=\"641\" data-permalink=\"https:\/\/www.wsc-schwimmen.at\/wp\/?attachment_id=641\" data-orig-file=\"https:\/\/www.wsc-schwimmen.at\/wp\/wp-content\/uploads\/2011\/05\/DSCN0386.jpg\" data-orig-size=\"4000,3000\" data-comments-opened=\"1\" data-image-meta=\"{&quot;aperture&quot;:&quot;3.5&quot;,&quot;credit&quot;:&quot;&quot;,&quot;camera&quot;:&quot;COOLPIX L110&quot;,&quot;caption&quot;:&quot;&quot;,&quot;created_timestamp&quot;:&quot;1306040208&quot;,&quot;copyright&quot;:&quot;&quot;,&quot;focal_length&quot;:&quot;5&quot;,&quot;iso&quot;:&quot;80&quot;,&quot;shutter_speed&quot;:&quot;0.0132978723404&quot;,&quot;title&quot;:&quot;&quot;}\" data-image-title=\"DSCN0386\" data-image-description=\"\" data-image-caption=\"\" data-large-file=\"https:\/\/www.wsc-schwimmen.at\/wp\/wp-content\/uploads\/2011\/05\/DSCN0386-1024x768.jpg\" class=\"size-medium wp-image-641\" title=\"Ein kleines Becken neben dem Wettkampfbecken f\u00fcr das Ein- und Ausschwimmen. Auch bei diesem Becken kann bei Bedarf das Dach ge\u00f6ffnet werden.\" src=\"http:\/\/www.wsc-schwimmen.at\/wp\/wp-content\/uploads\/2011\/05\/DSCN0386-400x300.jpg\" alt=\"Ein kleines Becken neben dem Wettkampfbecken f\u00fcr das Ein- und Ausschwimmen. Auch bei diesem Becken kann bei Bedarf das Dach ge\u00f6ffnet werden.\" width=\"400\" height=\"300\" srcset=\"https:\/\/www.wsc-schwimmen.at\/wp\/wp-content\/uploads\/2011\/05\/DSCN0386-400x300.jpg 400w, https:\/\/www.wsc-schwimmen.at\/wp\/wp-content\/uploads\/2011\/05\/DSCN0386-1024x768.jpg 1024w\" sizes=\"auto, (max-width: 400px) 100vw, 400px\" \/><\/a><p id=\"caption-attachment-641\" class=\"wp-caption-text\">Ein kleines Becken neben dem Wettkampfbecken f\u00fcr das Ein- und Ausschwimmen. Auch bei diesem Becken kann bei Bedarf das Dach ge\u00f6ffnet werden.<\/p><\/div>\n<p style=\"text-align: center;\">\u00a0<\/p>\n<p>\u00a0<br \/> Weitere Fotos vom Catalunya Masters gibt es <a href=\"http:\/\/www.flickr.com\/photos\/photoalbert57\">hier<\/a> (zur Verf\u00fcgung gestellt vom Club Nataci\u00f3 Sant Andreu).<\/p>\n","protected":false},"excerpt":{"rendered":"<p>Am 21. und 22. Mai fanden heuer die 27. Katalanischen Meisterschaften f\u00fcr Masters (XXVII Campionat Catalunya Open M\u00e0sters) in der katalanischen Hauptstadt Barcelona statt. Ausrichter der Veranstaltung war dieses Jahr der Schwimmclub Sant Andreu (Club Nataci\u00f3 Sant Andreu), ans\u00e4ssig im gleichnamigen Stadtviertel Sant Andreu in Barcelona. Der Katalanische Schwimmverband feiert dieses Jahr seinen 90. Geburtstag. [&hellip;]<\/p>\n","protected":false},"author":5,"featured_media":0,"comment_status":"open","ping_status":"closed","sticky":false,"template":"","format":"standard","meta":{"jetpack_post_was_ever_published":false,"_jetpack_newsletter_access":"","_jetpack_dont_email_post_to_subs":false,"_jetpack_newsletter_tier_id":0,"_jetpack_memberships_contains_paywalled_content":false,"_jetpack_memberships_contains_paid_content":false,"footnotes":"","jetpack_publicize_message":"","jetpack_publicize_feature_enabled":true,"jetpack_social_post_already_shared":false,"jetpack_social_options":{"image_generator_settings":{"template":"highway","default_image_id":0,"font":"","enabled":false},"version":2}},"categories":[1],"tags":[],"class_list":["post-606","post","type-post","status-publish","format-standard","hentry","category-berichte"],"yoast_head":"<!-- This site is optimized with the Yoast SEO plugin v27.5 - https:\/\/yoast.com\/product\/yoast-seo-wordpress\/ -->\n<title>XXVII Campionat Catalunya Open M\u00e0sters  - Wiener Sport-Club - Sektion Schwimmen<\/title>\n<meta name=\"robots\" content=\"index, follow, max-snippet:-1, max-image-preview:large, max-video-preview:-1\" \/>\n<link rel=\"canonical\" href=\"https:\/\/www.wsc-schwimmen.at\/wp\/?p=606\" \/>\n<meta property=\"og:locale\" content=\"de_DE\" \/>\n<meta property=\"og:type\" content=\"article\" \/>\n<meta property=\"og:title\" content=\"XXVII Campionat Catalunya Open M\u00e0sters  - Wiener Sport-Club - Sektion Schwimmen\" \/>\n<meta property=\"og:description\" content=\"Am 21. und 22. Mai fanden heuer die 27. Katalanischen Meisterschaften f\u00fcr Masters (XXVII Campionat Catalunya Open M\u00e0sters) in der katalanischen Hauptstadt Barcelona statt. Ausrichter der Veranstaltung war dieses Jahr der Schwimmclub Sant Andreu (Club Nataci\u00f3 Sant Andreu), ans\u00e4ssig im gleichnamigen Stadtviertel Sant Andreu in Barcelona. Der Katalanische Schwimmverband feiert dieses Jahr seinen 90. Geburtstag. [&hellip;]\" \/>\n<meta property=\"og:url\" content=\"https:\/\/www.wsc-schwimmen.at\/wp\/?p=606\" \/>\n<meta property=\"og:site_name\" content=\"Wiener Sport-Club - Sektion Schwimmen\" \/>\n<meta property=\"article:publisher\" content=\"https:\/\/www.facebook.com\/wsc.schwimmen\" \/>\n<meta property=\"article:published_time\" content=\"2011-05-27T05:43:27+00:00\" \/>\n<meta property=\"article:modified_time\" content=\"2012-04-04T09:39:52+00:00\" \/>\n<meta property=\"og:image\" content=\"http:\/\/www.wsc-schwimmen.at\/wp\/wp-content\/uploads\/2011\/05\/DSCN0384-400x300.jpg\" \/>\n<meta name=\"author\" content=\"gondyr\" \/>\n<meta name=\"twitter:card\" content=\"summary_large_image\" \/>\n<meta name=\"twitter:label1\" content=\"Verfasst von\" \/>\n\t<meta name=\"twitter:data1\" content=\"gondyr\" \/>\n\t<meta name=\"twitter:label2\" content=\"Gesch\u00e4tzte Lesezeit\" \/>\n\t<meta name=\"twitter:data2\" content=\"3\u00a0Minuten\" \/>\n<script type=\"application\/ld+json\" class=\"yoast-schema-graph\">{\"@context\":\"https:\\\/\\\/schema.org\",\"@graph\":[{\"@type\":\"Article\",\"@id\":\"https:\\\/\\\/www.wsc-schwimmen.at\\\/wp\\\/?p=606#article\",\"isPartOf\":{\"@id\":\"https:\\\/\\\/www.wsc-schwimmen.at\\\/wp\\\/?p=606\"},\"author\":{\"name\":\"gondyr\",\"@id\":\"https:\\\/\\\/www.wsc-schwimmen.at\\\/wp\\\/#\\\/schema\\\/person\\\/f267cd8229ce7e3042887f8b0c538b5b\"},\"headline\":\"XXVII Campionat Catalunya Open M\u00e0sters\",\"datePublished\":\"2011-05-27T05:43:27+00:00\",\"dateModified\":\"2012-04-04T09:39:52+00:00\",\"mainEntityOfPage\":{\"@id\":\"https:\\\/\\\/www.wsc-schwimmen.at\\\/wp\\\/?p=606\"},\"wordCount\":607,\"commentCount\":2,\"publisher\":{\"@id\":\"https:\\\/\\\/www.wsc-schwimmen.at\\\/wp\\\/#organization\"},\"image\":{\"@id\":\"https:\\\/\\\/www.wsc-schwimmen.at\\\/wp\\\/?p=606#primaryimage\"},\"thumbnailUrl\":\"http:\\\/\\\/www.wsc-schwimmen.at\\\/wp\\\/wp-content\\\/uploads\\\/2011\\\/05\\\/DSCN0384-400x300.jpg\",\"articleSection\":[\"Berichte\"],\"inLanguage\":\"de\",\"potentialAction\":[{\"@type\":\"CommentAction\",\"name\":\"Comment\",\"target\":[\"https:\\\/\\\/www.wsc-schwimmen.at\\\/wp\\\/?p=606#respond\"]}]},{\"@type\":\"WebPage\",\"@id\":\"https:\\\/\\\/www.wsc-schwimmen.at\\\/wp\\\/?p=606\",\"url\":\"https:\\\/\\\/www.wsc-schwimmen.at\\\/wp\\\/?p=606\",\"name\":\"XXVII Campionat Catalunya Open M\u00e0sters - Wiener Sport-Club - Sektion Schwimmen\",\"isPartOf\":{\"@id\":\"https:\\\/\\\/www.wsc-schwimmen.at\\\/wp\\\/#website\"},\"primaryImageOfPage\":{\"@id\":\"https:\\\/\\\/www.wsc-schwimmen.at\\\/wp\\\/?p=606#primaryimage\"},\"image\":{\"@id\":\"https:\\\/\\\/www.wsc-schwimmen.at\\\/wp\\\/?p=606#primaryimage\"},\"thumbnailUrl\":\"http:\\\/\\\/www.wsc-schwimmen.at\\\/wp\\\/wp-content\\\/uploads\\\/2011\\\/05\\\/DSCN0384-400x300.jpg\",\"datePublished\":\"2011-05-27T05:43:27+00:00\",\"dateModified\":\"2012-04-04T09:39:52+00:00\",\"breadcrumb\":{\"@id\":\"https:\\\/\\\/www.wsc-schwimmen.at\\\/wp\\\/?p=606#breadcrumb\"},\"inLanguage\":\"de\",\"potentialAction\":[{\"@type\":\"ReadAction\",\"target\":[\"https:\\\/\\\/www.wsc-schwimmen.at\\\/wp\\\/?p=606\"]}]},{\"@type\":\"ImageObject\",\"inLanguage\":\"de\",\"@id\":\"https:\\\/\\\/www.wsc-schwimmen.at\\\/wp\\\/?p=606#primaryimage\",\"url\":\"https:\\\/\\\/www.wsc-schwimmen.at\\\/wp\\\/wp-content\\\/uploads\\\/2011\\\/05\\\/DSCN0384.jpg\",\"contentUrl\":\"https:\\\/\\\/www.wsc-schwimmen.at\\\/wp\\\/wp-content\\\/uploads\\\/2011\\\/05\\\/DSCN0384.jpg\",\"width\":\"4000\",\"height\":\"3000\"},{\"@type\":\"BreadcrumbList\",\"@id\":\"https:\\\/\\\/www.wsc-schwimmen.at\\\/wp\\\/?p=606#breadcrumb\",\"itemListElement\":[{\"@type\":\"ListItem\",\"position\":1,\"name\":\"Startseite\",\"item\":\"https:\\\/\\\/www.wsc-schwimmen.at\\\/wp\"},{\"@type\":\"ListItem\",\"position\":2,\"name\":\"XXVII Campionat Catalunya Open M\u00e0sters\"}]},{\"@type\":\"WebSite\",\"@id\":\"https:\\\/\\\/www.wsc-schwimmen.at\\\/wp\\\/#website\",\"url\":\"https:\\\/\\\/www.wsc-schwimmen.at\\\/wp\\\/\",\"name\":\"Wiener Sport-Club - Sektion Schwimmen\",\"description\":\"Swimming Team\",\"publisher\":{\"@id\":\"https:\\\/\\\/www.wsc-schwimmen.at\\\/wp\\\/#organization\"},\"potentialAction\":[{\"@type\":\"SearchAction\",\"target\":{\"@type\":\"EntryPoint\",\"urlTemplate\":\"https:\\\/\\\/www.wsc-schwimmen.at\\\/wp\\\/?s={search_term_string}\"},\"query-input\":{\"@type\":\"PropertyValueSpecification\",\"valueRequired\":true,\"valueName\":\"search_term_string\"}}],\"inLanguage\":\"de\"},{\"@type\":\"Organization\",\"@id\":\"https:\\\/\\\/www.wsc-schwimmen.at\\\/wp\\\/#organization\",\"name\":\"Wiener Sport-Club Schwimmen\",\"url\":\"https:\\\/\\\/www.wsc-schwimmen.at\\\/wp\\\/\",\"logo\":{\"@type\":\"ImageObject\",\"inLanguage\":\"de\",\"@id\":\"https:\\\/\\\/www.wsc-schwimmen.at\\\/wp\\\/#\\\/schema\\\/logo\\\/image\\\/\",\"url\":\"https:\\\/\\\/www.wsc-schwimmen.at\\\/wp\\\/wp-content\\\/uploads\\\/2011\\\/01\\\/wsc_wappen_kl.gif\",\"contentUrl\":\"https:\\\/\\\/www.wsc-schwimmen.at\\\/wp\\\/wp-content\\\/uploads\\\/2011\\\/01\\\/wsc_wappen_kl.gif\",\"width\":\"118\",\"height\":\"118\",\"caption\":\"Wiener Sport-Club Schwimmen\"},\"image\":{\"@id\":\"https:\\\/\\\/www.wsc-schwimmen.at\\\/wp\\\/#\\\/schema\\\/logo\\\/image\\\/\"},\"sameAs\":[\"https:\\\/\\\/www.facebook.com\\\/wsc.schwimmen\",\"https:\\\/\\\/de.wikipedia.org\\\/wiki\\\/Wiener_Sport-Club\"]},{\"@type\":\"Person\",\"@id\":\"https:\\\/\\\/www.wsc-schwimmen.at\\\/wp\\\/#\\\/schema\\\/person\\\/f267cd8229ce7e3042887f8b0c538b5b\",\"name\":\"gondyr\",\"sameAs\":[\"http:\\\/\\\/pischloeger.soup.io\"],\"url\":\"https:\\\/\\\/www.wsc-schwimmen.at\\\/wp\\\/?author=5\"}]}<\/script>\n<!-- \/ Yoast SEO plugin. -->","yoast_head_json":{"title":"XXVII Campionat Catalunya Open M\u00e0sters  - Wiener Sport-Club - Sektion Schwimmen","robots":{"index":"index","follow":"follow","max-snippet":"max-snippet:-1","max-image-preview":"max-image-preview:large","max-video-preview":"max-video-preview:-1"},"canonical":"https:\/\/www.wsc-schwimmen.at\/wp\/?p=606","og_locale":"de_DE","og_type":"article","og_title":"XXVII Campionat Catalunya Open M\u00e0sters  - Wiener Sport-Club - Sektion Schwimmen","og_description":"Am 21. und 22. Mai fanden heuer die 27. Katalanischen Meisterschaften f\u00fcr Masters (XXVII Campionat Catalunya Open M\u00e0sters) in der katalanischen Hauptstadt Barcelona statt. Ausrichter der Veranstaltung war dieses Jahr der Schwimmclub Sant Andreu (Club Nataci\u00f3 Sant Andreu), ans\u00e4ssig im gleichnamigen Stadtviertel Sant Andreu in Barcelona. Der Katalanische Schwimmverband feiert dieses Jahr seinen 90. Geburtstag. [&hellip;]","og_url":"https:\/\/www.wsc-schwimmen.at\/wp\/?p=606","og_site_name":"Wiener Sport-Club - Sektion Schwimmen","article_publisher":"https:\/\/www.facebook.com\/wsc.schwimmen","article_published_time":"2011-05-27T05:43:27+00:00","article_modified_time":"2012-04-04T09:39:52+00:00","og_image":[{"url":"http:\/\/www.wsc-schwimmen.at\/wp\/wp-content\/uploads\/2011\/05\/DSCN0384-400x300.jpg","type":"","width":"","height":""}],"author":"gondyr","twitter_card":"summary_large_image","twitter_misc":{"Verfasst von":"gondyr","Gesch\u00e4tzte Lesezeit":"3\u00a0Minuten"},"schema":{"@context":"https:\/\/schema.org","@graph":[{"@type":"Article","@id":"https:\/\/www.wsc-schwimmen.at\/wp\/?p=606#article","isPartOf":{"@id":"https:\/\/www.wsc-schwimmen.at\/wp\/?p=606"},"author":{"name":"gondyr","@id":"https:\/\/www.wsc-schwimmen.at\/wp\/#\/schema\/person\/f267cd8229ce7e3042887f8b0c538b5b"},"headline":"XXVII Campionat Catalunya Open M\u00e0sters","datePublished":"2011-05-27T05:43:27+00:00","dateModified":"2012-04-04T09:39:52+00:00","mainEntityOfPage":{"@id":"https:\/\/www.wsc-schwimmen.at\/wp\/?p=606"},"wordCount":607,"commentCount":2,"publisher":{"@id":"https:\/\/www.wsc-schwimmen.at\/wp\/#organization"},"image":{"@id":"https:\/\/www.wsc-schwimmen.at\/wp\/?p=606#primaryimage"},"thumbnailUrl":"http:\/\/www.wsc-schwimmen.at\/wp\/wp-content\/uploads\/2011\/05\/DSCN0384-400x300.jpg","articleSection":["Berichte"],"inLanguage":"de","potentialAction":[{"@type":"CommentAction","name":"Comment","target":["https:\/\/www.wsc-schwimmen.at\/wp\/?p=606#respond"]}]},{"@type":"WebPage","@id":"https:\/\/www.wsc-schwimmen.at\/wp\/?p=606","url":"https:\/\/www.wsc-schwimmen.at\/wp\/?p=606","name":"XXVII Campionat Catalunya Open M\u00e0sters - Wiener Sport-Club - Sektion Schwimmen","isPartOf":{"@id":"https:\/\/www.wsc-schwimmen.at\/wp\/#website"},"primaryImageOfPage":{"@id":"https:\/\/www.wsc-schwimmen.at\/wp\/?p=606#primaryimage"},"image":{"@id":"https:\/\/www.wsc-schwimmen.at\/wp\/?p=606#primaryimage"},"thumbnailUrl":"http:\/\/www.wsc-schwimmen.at\/wp\/wp-content\/uploads\/2011\/05\/DSCN0384-400x300.jpg","datePublished":"2011-05-27T05:43:27+00:00","dateModified":"2012-04-04T09:39:52+00:00","breadcrumb":{"@id":"https:\/\/www.wsc-schwimmen.at\/wp\/?p=606#breadcrumb"},"inLanguage":"de","potentialAction":[{"@type":"ReadAction","target":["https:\/\/www.wsc-schwimmen.at\/wp\/?p=606"]}]},{"@type":"ImageObject","inLanguage":"de","@id":"https:\/\/www.wsc-schwimmen.at\/wp\/?p=606#primaryimage","url":"https:\/\/www.wsc-schwimmen.at\/wp\/wp-content\/uploads\/2011\/05\/DSCN0384.jpg","contentUrl":"https:\/\/www.wsc-schwimmen.at\/wp\/wp-content\/uploads\/2011\/05\/DSCN0384.jpg","width":"4000","height":"3000"},{"@type":"BreadcrumbList","@id":"https:\/\/www.wsc-schwimmen.at\/wp\/?p=606#breadcrumb","itemListElement":[{"@type":"ListItem","position":1,"name":"Startseite","item":"https:\/\/www.wsc-schwimmen.at\/wp"},{"@type":"ListItem","position":2,"name":"XXVII Campionat Catalunya Open M\u00e0sters"}]},{"@type":"WebSite","@id":"https:\/\/www.wsc-schwimmen.at\/wp\/#website","url":"https:\/\/www.wsc-schwimmen.at\/wp\/","name":"Wiener Sport-Club - Sektion Schwimmen","description":"Swimming Team","publisher":{"@id":"https:\/\/www.wsc-schwimmen.at\/wp\/#organization"},"potentialAction":[{"@type":"SearchAction","target":{"@type":"EntryPoint","urlTemplate":"https:\/\/www.wsc-schwimmen.at\/wp\/?s={search_term_string}"},"query-input":{"@type":"PropertyValueSpecification","valueRequired":true,"valueName":"search_term_string"}}],"inLanguage":"de"},{"@type":"Organization","@id":"https:\/\/www.wsc-schwimmen.at\/wp\/#organization","name":"Wiener Sport-Club Schwimmen","url":"https:\/\/www.wsc-schwimmen.at\/wp\/","logo":{"@type":"ImageObject","inLanguage":"de","@id":"https:\/\/www.wsc-schwimmen.at\/wp\/#\/schema\/logo\/image\/","url":"https:\/\/www.wsc-schwimmen.at\/wp\/wp-content\/uploads\/2011\/01\/wsc_wappen_kl.gif","contentUrl":"https:\/\/www.wsc-schwimmen.at\/wp\/wp-content\/uploads\/2011\/01\/wsc_wappen_kl.gif","width":"118","height":"118","caption":"Wiener Sport-Club Schwimmen"},"image":{"@id":"https:\/\/www.wsc-schwimmen.at\/wp\/#\/schema\/logo\/image\/"},"sameAs":["https:\/\/www.facebook.com\/wsc.schwimmen","https:\/\/de.wikipedia.org\/wiki\/Wiener_Sport-Club"]},{"@type":"Person","@id":"https:\/\/www.wsc-schwimmen.at\/wp\/#\/schema\/person\/f267cd8229ce7e3042887f8b0c538b5b","name":"gondyr","sameAs":["http:\/\/pischloeger.soup.io"],"url":"https:\/\/www.wsc-schwimmen.at\/wp\/?author=5"}]}},"jetpack_publicize_connections":[],"jetpack_featured_media_url":"","jetpack_sharing_enabled":true,"jetpack_shortlink":"https:\/\/wp.me\/p8Z6fd-9M","jetpack-related-posts":[],"_links":{"self":[{"href":"https:\/\/www.wsc-schwimmen.at\/wp\/index.php?rest_route=\/wp\/v2\/posts\/606","targetHints":{"allow":["GET"]}}],"collection":[{"href":"https:\/\/www.wsc-schwimmen.at\/wp\/index.php?rest_route=\/wp\/v2\/posts"}],"about":[{"href":"https:\/\/www.wsc-schwimmen.at\/wp\/index.php?rest_route=\/wp\/v2\/types\/post"}],"author":[{"embeddable":true,"href":"https:\/\/www.wsc-schwimmen.at\/wp\/index.php?rest_route=\/wp\/v2\/users\/5"}],"replies":[{"embeddable":true,"href":"https:\/\/www.wsc-schwimmen.at\/wp\/index.php?rest_route=%2Fwp%2Fv2%2Fcomments&post=606"}],"version-history":[{"count":67,"href":"https:\/\/www.wsc-schwimmen.at\/wp\/index.php?rest_route=\/wp\/v2\/posts\/606\/revisions"}],"predecessor-version":[{"id":1273,"href":"https:\/\/www.wsc-schwimmen.at\/wp\/index.php?rest_route=\/wp\/v2\/posts\/606\/revisions\/1273"}],"wp:attachment":[{"href":"https:\/\/www.wsc-schwimmen.at\/wp\/index.php?rest_route=%2Fwp%2Fv2%2Fmedia&parent=606"}],"wp:term":[{"taxonomy":"category","embeddable":true,"href":"https:\/\/www.wsc-schwimmen.at\/wp\/index.php?rest_route=%2Fwp%2Fv2%2Fcategories&post=606"},{"taxonomy":"post_tag","embeddable":true,"href":"https:\/\/www.wsc-schwimmen.at\/wp\/index.php?rest_route=%2Fwp%2Fv2%2Ftags&post=606"}],"curies":[{"name":"wp","href":"https:\/\/api.w.org\/{rel}","templated":true}]}}