{"id":862,"date":"2011-08-22T14:22:18","date_gmt":"2011-08-22T13:22:18","guid":{"rendered":"http:\/\/www.wsc-schwimmen.at\/wp\/?p=862"},"modified":"2013-07-02T14:32:23","modified_gmt":"2013-07-02T13:32:23","slug":"kleine-erfolge-beim-donauman-in-tulln","status":"publish","type":"post","link":"https:\/\/www.wsc-schwimmen.at\/wp\/?p=862","title":{"rendered":"Kleine Erfolge beim &#8222;Donauman&#8220; in Tulln"},"content":{"rendered":"<p>Am 17. August 2011 verschlug es nach Anregung von <strong>Ulli Greiner<\/strong> auch <strong>Christian Abila<\/strong> und <strong>Wolgang Raml<\/strong> ins Tullner Aubad, wo der 3. Teil der diesj\u00e4hrigen Freiwasser Serie &#8222;Aquacup&#8220; veranstaltet wurde. Unter dem Namen &#8222;Donauman&#8220; wurde ein 5 km Schwimmen ausgetragen, unter der Bezeichnung &#8222;Volksschwimmen&#8220; ein 1000m Freiwasser Bewerb.<\/p>\n<p><strong>Ulli Greiner<\/strong> belegte \u00fcber 5 km in Masters Klasse der Frauen in der fantastischen Zeit von 1:21.51 den <strong>3. Platz<\/strong>. Die Herren m\u00fchten sich &#8222;nur&#8220; \u00fcber 1000m im wundersch\u00f6n gelegenen Freibad an der Donau und belegten in der &#8222;Volks-Klasse&#8220; den 2. bzw. 5. Platz von 14 Gewerteten.<\/p>\n<p><strong>Herzliche Gratulation!<\/strong><\/p>\n<p>Download: <a href=\"wp-content\/uploads\/2011\/08\/e_170811.pdf\" target=\"_blank\">Ergebnis pdf<\/a><\/p>\n<div id=\"attachment_866\" style=\"width: 223px\" class=\"wp-caption aligncenter\"><a href=\"http:\/\/www.wsc-schwimmen.at\/wp\/wp-content\/uploads\/2011\/08\/Abila.jpg\"><img loading=\"lazy\" decoding=\"async\" aria-describedby=\"caption-attachment-866\" data-attachment-id=\"866\" data-permalink=\"https:\/\/www.wsc-schwimmen.at\/wp\/?attachment_id=866\" data-orig-file=\"https:\/\/www.wsc-schwimmen.at\/wp\/wp-content\/uploads\/2011\/08\/Abila.jpg\" data-orig-size=\"1072,1506\" data-comments-opened=\"1\" data-image-meta=\"{&quot;aperture&quot;:&quot;0&quot;,&quot;credit&quot;:&quot;&quot;,&quot;camera&quot;:&quot;&quot;,&quot;caption&quot;:&quot;&quot;,&quot;created_timestamp&quot;:&quot;0&quot;,&quot;copyright&quot;:&quot;&quot;,&quot;focal_length&quot;:&quot;0&quot;,&quot;iso&quot;:&quot;0&quot;,&quot;shutter_speed&quot;:&quot;0&quot;,&quot;title&quot;:&quot;&quot;}\" data-image-title=\"Abila\" data-image-description=\"\" data-image-caption=\"&lt;p&gt;Christian Abila: Erster Start im &amp;#8222;fremden&amp;#8220; Freiwasser und gleich 5. von 14&lt;\/p&gt;\n\" data-large-file=\"https:\/\/www.wsc-schwimmen.at\/wp\/wp-content\/uploads\/2011\/08\/Abila-728x1024.jpg\" class=\"size-medium wp-image-866\" title=\"Abila\" alt=\"\" src=\"http:\/\/www.wsc-schwimmen.at\/wp\/wp-content\/uploads\/2011\/08\/Abila-213x300.jpg\" width=\"213\" height=\"300\" srcset=\"https:\/\/www.wsc-schwimmen.at\/wp\/wp-content\/uploads\/2011\/08\/Abila-213x300.jpg 213w, https:\/\/www.wsc-schwimmen.at\/wp\/wp-content\/uploads\/2011\/08\/Abila-728x1024.jpg 728w, https:\/\/www.wsc-schwimmen.at\/wp\/wp-content\/uploads\/2011\/08\/Abila.jpg 1072w\" sizes=\"auto, (max-width: 213px) 100vw, 213px\" \/><\/a><p id=\"caption-attachment-866\" class=\"wp-caption-text\">Christian Abila: Erster Start im &#8222;fremden&#8220; Freiwasser und gleich 5. von 14<\/p><\/div>\n<p>&nbsp;<\/p>\n<div id=\"attachment_865\" style=\"width: 235px\" class=\"wp-caption aligncenter\"><a href=\"http:\/\/www.wsc-schwimmen.at\/wp\/wp-content\/uploads\/2011\/08\/Raml.jpg\"><img loading=\"lazy\" decoding=\"async\" aria-describedby=\"caption-attachment-865\" data-attachment-id=\"865\" data-permalink=\"https:\/\/www.wsc-schwimmen.at\/wp\/?attachment_id=865\" data-orig-file=\"https:\/\/www.wsc-schwimmen.at\/wp\/wp-content\/uploads\/2011\/08\/Raml.jpg\" data-orig-size=\"901,1198\" data-comments-opened=\"1\" data-image-meta=\"{&quot;aperture&quot;:&quot;0&quot;,&quot;credit&quot;:&quot;&quot;,&quot;camera&quot;:&quot;&quot;,&quot;caption&quot;:&quot;&quot;,&quot;created_timestamp&quot;:&quot;0&quot;,&quot;copyright&quot;:&quot;&quot;,&quot;focal_length&quot;:&quot;0&quot;,&quot;iso&quot;:&quot;0&quot;,&quot;shutter_speed&quot;:&quot;0&quot;,&quot;title&quot;:&quot;&quot;}\" data-image-title=\"Raml\" data-image-description=\"\" data-image-caption=\"&lt;p&gt;Das Perth Trauma \u00fcberwunden? In guter Zeit auf den 2.Platz in der &amp;#8222;Volkswertung&amp;#8220;&lt;\/p&gt;\n\" data-large-file=\"https:\/\/www.wsc-schwimmen.at\/wp\/wp-content\/uploads\/2011\/08\/Raml-770x1024.jpg\" class=\"size-medium wp-image-865\" title=\"Raml\" alt=\"\" src=\"http:\/\/www.wsc-schwimmen.at\/wp\/wp-content\/uploads\/2011\/08\/Raml-225x300.jpg\" width=\"225\" height=\"300\" srcset=\"https:\/\/www.wsc-schwimmen.at\/wp\/wp-content\/uploads\/2011\/08\/Raml-225x300.jpg 225w, https:\/\/www.wsc-schwimmen.at\/wp\/wp-content\/uploads\/2011\/08\/Raml-770x1024.jpg 770w, https:\/\/www.wsc-schwimmen.at\/wp\/wp-content\/uploads\/2011\/08\/Raml.jpg 901w\" sizes=\"auto, (max-width: 225px) 100vw, 225px\" \/><\/a><p id=\"caption-attachment-865\" class=\"wp-caption-text\">Das Perth Trauma \u00fcberwunden? In guter Zeit auf den 2.Platz in der &#8222;Volkswertung&#8220;<\/p><\/div>\n","protected":false},"excerpt":{"rendered":"<p>Am 17. August 2011 verschlug es nach Anregung von Ulli Greiner auch Christian Abila und Wolgang Raml ins Tullner Aubad, wo der 3. Teil der diesj\u00e4hrigen Freiwasser Serie &#8222;Aquacup&#8220; veranstaltet wurde. Unter dem Namen &#8222;Donauman&#8220; wurde ein 5 km Schwimmen ausgetragen, unter der Bezeichnung &#8222;Volksschwimmen&#8220; ein 1000m Freiwasser Bewerb. Ulli Greiner belegte \u00fcber 5 km [&hellip;]<\/p>\n","protected":false},"author":1,"featured_media":0,"comment_status":"open","ping_status":"closed","sticky":false,"template":"","format":"standard","meta":{"jetpack_post_was_ever_published":false,"_jetpack_newsletter_access":"","_jetpack_dont_email_post_to_subs":false,"_jetpack_newsletter_tier_id":0,"_jetpack_memberships_contains_paywalled_content":false,"_jetpack_memberships_contains_paid_content":false,"footnotes":"","jetpack_publicize_message":"","jetpack_publicize_feature_enabled":true,"jetpack_social_post_already_shared":false,"jetpack_social_options":{"image_generator_settings":{"template":"highway","default_image_id":0,"font":"","enabled":false},"version":2}},"categories":[1],"tags":[],"class_list":["post-862","post","type-post","status-publish","format-standard","hentry","category-berichte"],"yoast_head":"<!-- This site is optimized with the Yoast SEO plugin v27.5 - https:\/\/yoast.com\/product\/yoast-seo-wordpress\/ -->\n<title>Kleine Erfolge beim &quot;Donauman&quot; in Tulln - Wiener Sport-Club - Sektion Schwimmen<\/title>\n<meta name=\"robots\" content=\"index, follow, max-snippet:-1, max-image-preview:large, max-video-preview:-1\" \/>\n<link rel=\"canonical\" href=\"https:\/\/www.wsc-schwimmen.at\/wp\/?p=862\" \/>\n<meta property=\"og:locale\" content=\"de_DE\" \/>\n<meta property=\"og:type\" content=\"article\" \/>\n<meta property=\"og:title\" content=\"Kleine Erfolge beim &quot;Donauman&quot; in Tulln - Wiener Sport-Club - Sektion Schwimmen\" \/>\n<meta property=\"og:description\" content=\"Am 17. August 2011 verschlug es nach Anregung von Ulli Greiner auch Christian Abila und Wolgang Raml ins Tullner Aubad, wo der 3. Teil der diesj\u00e4hrigen Freiwasser Serie &#8222;Aquacup&#8220; veranstaltet wurde. Unter dem Namen &#8222;Donauman&#8220; wurde ein 5 km Schwimmen ausgetragen, unter der Bezeichnung &#8222;Volksschwimmen&#8220; ein 1000m Freiwasser Bewerb. Ulli Greiner belegte \u00fcber 5 km [&hellip;]\" \/>\n<meta property=\"og:url\" content=\"https:\/\/www.wsc-schwimmen.at\/wp\/?p=862\" \/>\n<meta property=\"og:site_name\" content=\"Wiener Sport-Club - Sektion Schwimmen\" \/>\n<meta property=\"article:publisher\" content=\"https:\/\/www.facebook.com\/wsc.schwimmen\" \/>\n<meta property=\"article:published_time\" content=\"2011-08-22T13:22:18+00:00\" \/>\n<meta property=\"article:modified_time\" content=\"2013-07-02T13:32:23+00:00\" \/>\n<meta property=\"og:image\" content=\"http:\/\/www.wsc-schwimmen.at\/wp\/wp-content\/uploads\/2011\/08\/Abila-213x300.jpg\" \/>\n<meta name=\"author\" content=\"admin\" \/>\n<meta name=\"twitter:card\" content=\"summary_large_image\" \/>\n<meta name=\"twitter:label1\" content=\"Verfasst von\" \/>\n\t<meta name=\"twitter:data1\" content=\"admin\" \/>\n\t<meta name=\"twitter:label2\" content=\"Gesch\u00e4tzte Lesezeit\" \/>\n\t<meta name=\"twitter:data2\" content=\"1\u00a0Minute\" \/>\n<script type=\"application\/ld+json\" class=\"yoast-schema-graph\">{\"@context\":\"https:\\\/\\\/schema.org\",\"@graph\":[{\"@type\":\"Article\",\"@id\":\"https:\\\/\\\/www.wsc-schwimmen.at\\\/wp\\\/?p=862#article\",\"isPartOf\":{\"@id\":\"https:\\\/\\\/www.wsc-schwimmen.at\\\/wp\\\/?p=862\"},\"author\":{\"name\":\"admin\",\"@id\":\"https:\\\/\\\/www.wsc-schwimmen.at\\\/wp\\\/#\\\/schema\\\/person\\\/d3e14ad70bd903c29d4d35cee6723746\"},\"headline\":\"Kleine Erfolge beim &#8222;Donauman&#8220; in Tulln\",\"datePublished\":\"2011-08-22T13:22:18+00:00\",\"dateModified\":\"2013-07-02T13:32:23+00:00\",\"mainEntityOfPage\":{\"@id\":\"https:\\\/\\\/www.wsc-schwimmen.at\\\/wp\\\/?p=862\"},\"wordCount\":138,\"commentCount\":0,\"publisher\":{\"@id\":\"https:\\\/\\\/www.wsc-schwimmen.at\\\/wp\\\/#organization\"},\"image\":{\"@id\":\"https:\\\/\\\/www.wsc-schwimmen.at\\\/wp\\\/?p=862#primaryimage\"},\"thumbnailUrl\":\"http:\\\/\\\/www.wsc-schwimmen.at\\\/wp\\\/wp-content\\\/uploads\\\/2011\\\/08\\\/Abila-213x300.jpg\",\"articleSection\":[\"Berichte\"],\"inLanguage\":\"de\",\"potentialAction\":[{\"@type\":\"CommentAction\",\"name\":\"Comment\",\"target\":[\"https:\\\/\\\/www.wsc-schwimmen.at\\\/wp\\\/?p=862#respond\"]}]},{\"@type\":\"WebPage\",\"@id\":\"https:\\\/\\\/www.wsc-schwimmen.at\\\/wp\\\/?p=862\",\"url\":\"https:\\\/\\\/www.wsc-schwimmen.at\\\/wp\\\/?p=862\",\"name\":\"Kleine Erfolge beim \\\"Donauman\\\" in Tulln - Wiener Sport-Club - Sektion Schwimmen\",\"isPartOf\":{\"@id\":\"https:\\\/\\\/www.wsc-schwimmen.at\\\/wp\\\/#website\"},\"primaryImageOfPage\":{\"@id\":\"https:\\\/\\\/www.wsc-schwimmen.at\\\/wp\\\/?p=862#primaryimage\"},\"image\":{\"@id\":\"https:\\\/\\\/www.wsc-schwimmen.at\\\/wp\\\/?p=862#primaryimage\"},\"thumbnailUrl\":\"http:\\\/\\\/www.wsc-schwimmen.at\\\/wp\\\/wp-content\\\/uploads\\\/2011\\\/08\\\/Abila-213x300.jpg\",\"datePublished\":\"2011-08-22T13:22:18+00:00\",\"dateModified\":\"2013-07-02T13:32:23+00:00\",\"breadcrumb\":{\"@id\":\"https:\\\/\\\/www.wsc-schwimmen.at\\\/wp\\\/?p=862#breadcrumb\"},\"inLanguage\":\"de\",\"potentialAction\":[{\"@type\":\"ReadAction\",\"target\":[\"https:\\\/\\\/www.wsc-schwimmen.at\\\/wp\\\/?p=862\"]}]},{\"@type\":\"ImageObject\",\"inLanguage\":\"de\",\"@id\":\"https:\\\/\\\/www.wsc-schwimmen.at\\\/wp\\\/?p=862#primaryimage\",\"url\":\"https:\\\/\\\/www.wsc-schwimmen.at\\\/wp\\\/wp-content\\\/uploads\\\/2011\\\/08\\\/Abila.jpg\",\"contentUrl\":\"https:\\\/\\\/www.wsc-schwimmen.at\\\/wp\\\/wp-content\\\/uploads\\\/2011\\\/08\\\/Abila.jpg\",\"width\":\"1072\",\"height\":\"1506\",\"caption\":\"Christian Abila: Erster Start im \\\"fremden\\\" Freiwasser und gleich 5. von 14\"},{\"@type\":\"BreadcrumbList\",\"@id\":\"https:\\\/\\\/www.wsc-schwimmen.at\\\/wp\\\/?p=862#breadcrumb\",\"itemListElement\":[{\"@type\":\"ListItem\",\"position\":1,\"name\":\"Startseite\",\"item\":\"https:\\\/\\\/www.wsc-schwimmen.at\\\/wp\"},{\"@type\":\"ListItem\",\"position\":2,\"name\":\"Kleine Erfolge beim &#8222;Donauman&#8220; in Tulln\"}]},{\"@type\":\"WebSite\",\"@id\":\"https:\\\/\\\/www.wsc-schwimmen.at\\\/wp\\\/#website\",\"url\":\"https:\\\/\\\/www.wsc-schwimmen.at\\\/wp\\\/\",\"name\":\"Wiener Sport-Club - Sektion Schwimmen\",\"description\":\"Swimming Team\",\"publisher\":{\"@id\":\"https:\\\/\\\/www.wsc-schwimmen.at\\\/wp\\\/#organization\"},\"potentialAction\":[{\"@type\":\"SearchAction\",\"target\":{\"@type\":\"EntryPoint\",\"urlTemplate\":\"https:\\\/\\\/www.wsc-schwimmen.at\\\/wp\\\/?s={search_term_string}\"},\"query-input\":{\"@type\":\"PropertyValueSpecification\",\"valueRequired\":true,\"valueName\":\"search_term_string\"}}],\"inLanguage\":\"de\"},{\"@type\":\"Organization\",\"@id\":\"https:\\\/\\\/www.wsc-schwimmen.at\\\/wp\\\/#organization\",\"name\":\"Wiener Sport-Club Schwimmen\",\"url\":\"https:\\\/\\\/www.wsc-schwimmen.at\\\/wp\\\/\",\"logo\":{\"@type\":\"ImageObject\",\"inLanguage\":\"de\",\"@id\":\"https:\\\/\\\/www.wsc-schwimmen.at\\\/wp\\\/#\\\/schema\\\/logo\\\/image\\\/\",\"url\":\"https:\\\/\\\/www.wsc-schwimmen.at\\\/wp\\\/wp-content\\\/uploads\\\/2011\\\/01\\\/wsc_wappen_kl.gif\",\"contentUrl\":\"https:\\\/\\\/www.wsc-schwimmen.at\\\/wp\\\/wp-content\\\/uploads\\\/2011\\\/01\\\/wsc_wappen_kl.gif\",\"width\":\"118\",\"height\":\"118\",\"caption\":\"Wiener Sport-Club Schwimmen\"},\"image\":{\"@id\":\"https:\\\/\\\/www.wsc-schwimmen.at\\\/wp\\\/#\\\/schema\\\/logo\\\/image\\\/\"},\"sameAs\":[\"https:\\\/\\\/www.facebook.com\\\/wsc.schwimmen\",\"https:\\\/\\\/de.wikipedia.org\\\/wiki\\\/Wiener_Sport-Club\"]},{\"@type\":\"Person\",\"@id\":\"https:\\\/\\\/www.wsc-schwimmen.at\\\/wp\\\/#\\\/schema\\\/person\\\/d3e14ad70bd903c29d4d35cee6723746\",\"name\":\"admin\",\"url\":\"https:\\\/\\\/www.wsc-schwimmen.at\\\/wp\\\/?author=1\"}]}<\/script>\n<!-- \/ Yoast SEO plugin. -->","yoast_head_json":{"title":"Kleine Erfolge beim \"Donauman\" in Tulln - Wiener Sport-Club - Sektion Schwimmen","robots":{"index":"index","follow":"follow","max-snippet":"max-snippet:-1","max-image-preview":"max-image-preview:large","max-video-preview":"max-video-preview:-1"},"canonical":"https:\/\/www.wsc-schwimmen.at\/wp\/?p=862","og_locale":"de_DE","og_type":"article","og_title":"Kleine Erfolge beim \"Donauman\" in Tulln - Wiener Sport-Club - Sektion Schwimmen","og_description":"Am 17. August 2011 verschlug es nach Anregung von Ulli Greiner auch Christian Abila und Wolgang Raml ins Tullner Aubad, wo der 3. Teil der diesj\u00e4hrigen Freiwasser Serie &#8222;Aquacup&#8220; veranstaltet wurde. Unter dem Namen &#8222;Donauman&#8220; wurde ein 5 km Schwimmen ausgetragen, unter der Bezeichnung &#8222;Volksschwimmen&#8220; ein 1000m Freiwasser Bewerb. Ulli Greiner belegte \u00fcber 5 km [&hellip;]","og_url":"https:\/\/www.wsc-schwimmen.at\/wp\/?p=862","og_site_name":"Wiener Sport-Club - Sektion Schwimmen","article_publisher":"https:\/\/www.facebook.com\/wsc.schwimmen","article_published_time":"2011-08-22T13:22:18+00:00","article_modified_time":"2013-07-02T13:32:23+00:00","og_image":[{"url":"http:\/\/www.wsc-schwimmen.at\/wp\/wp-content\/uploads\/2011\/08\/Abila-213x300.jpg","type":"","width":"","height":""}],"author":"admin","twitter_card":"summary_large_image","twitter_misc":{"Verfasst von":"admin","Gesch\u00e4tzte Lesezeit":"1\u00a0Minute"},"schema":{"@context":"https:\/\/schema.org","@graph":[{"@type":"Article","@id":"https:\/\/www.wsc-schwimmen.at\/wp\/?p=862#article","isPartOf":{"@id":"https:\/\/www.wsc-schwimmen.at\/wp\/?p=862"},"author":{"name":"admin","@id":"https:\/\/www.wsc-schwimmen.at\/wp\/#\/schema\/person\/d3e14ad70bd903c29d4d35cee6723746"},"headline":"Kleine Erfolge beim &#8222;Donauman&#8220; in Tulln","datePublished":"2011-08-22T13:22:18+00:00","dateModified":"2013-07-02T13:32:23+00:00","mainEntityOfPage":{"@id":"https:\/\/www.wsc-schwimmen.at\/wp\/?p=862"},"wordCount":138,"commentCount":0,"publisher":{"@id":"https:\/\/www.wsc-schwimmen.at\/wp\/#organization"},"image":{"@id":"https:\/\/www.wsc-schwimmen.at\/wp\/?p=862#primaryimage"},"thumbnailUrl":"http:\/\/www.wsc-schwimmen.at\/wp\/wp-content\/uploads\/2011\/08\/Abila-213x300.jpg","articleSection":["Berichte"],"inLanguage":"de","potentialAction":[{"@type":"CommentAction","name":"Comment","target":["https:\/\/www.wsc-schwimmen.at\/wp\/?p=862#respond"]}]},{"@type":"WebPage","@id":"https:\/\/www.wsc-schwimmen.at\/wp\/?p=862","url":"https:\/\/www.wsc-schwimmen.at\/wp\/?p=862","name":"Kleine Erfolge beim \"Donauman\" in Tulln - Wiener Sport-Club - Sektion Schwimmen","isPartOf":{"@id":"https:\/\/www.wsc-schwimmen.at\/wp\/#website"},"primaryImageOfPage":{"@id":"https:\/\/www.wsc-schwimmen.at\/wp\/?p=862#primaryimage"},"image":{"@id":"https:\/\/www.wsc-schwimmen.at\/wp\/?p=862#primaryimage"},"thumbnailUrl":"http:\/\/www.wsc-schwimmen.at\/wp\/wp-content\/uploads\/2011\/08\/Abila-213x300.jpg","datePublished":"2011-08-22T13:22:18+00:00","dateModified":"2013-07-02T13:32:23+00:00","breadcrumb":{"@id":"https:\/\/www.wsc-schwimmen.at\/wp\/?p=862#breadcrumb"},"inLanguage":"de","potentialAction":[{"@type":"ReadAction","target":["https:\/\/www.wsc-schwimmen.at\/wp\/?p=862"]}]},{"@type":"ImageObject","inLanguage":"de","@id":"https:\/\/www.wsc-schwimmen.at\/wp\/?p=862#primaryimage","url":"https:\/\/www.wsc-schwimmen.at\/wp\/wp-content\/uploads\/2011\/08\/Abila.jpg","contentUrl":"https:\/\/www.wsc-schwimmen.at\/wp\/wp-content\/uploads\/2011\/08\/Abila.jpg","width":"1072","height":"1506","caption":"Christian Abila: Erster Start im \"fremden\" Freiwasser und gleich 5. von 14"},{"@type":"BreadcrumbList","@id":"https:\/\/www.wsc-schwimmen.at\/wp\/?p=862#breadcrumb","itemListElement":[{"@type":"ListItem","position":1,"name":"Startseite","item":"https:\/\/www.wsc-schwimmen.at\/wp"},{"@type":"ListItem","position":2,"name":"Kleine Erfolge beim &#8222;Donauman&#8220; in Tulln"}]},{"@type":"WebSite","@id":"https:\/\/www.wsc-schwimmen.at\/wp\/#website","url":"https:\/\/www.wsc-schwimmen.at\/wp\/","name":"Wiener Sport-Club - Sektion Schwimmen","description":"Swimming Team","publisher":{"@id":"https:\/\/www.wsc-schwimmen.at\/wp\/#organization"},"potentialAction":[{"@type":"SearchAction","target":{"@type":"EntryPoint","urlTemplate":"https:\/\/www.wsc-schwimmen.at\/wp\/?s={search_term_string}"},"query-input":{"@type":"PropertyValueSpecification","valueRequired":true,"valueName":"search_term_string"}}],"inLanguage":"de"},{"@type":"Organization","@id":"https:\/\/www.wsc-schwimmen.at\/wp\/#organization","name":"Wiener Sport-Club Schwimmen","url":"https:\/\/www.wsc-schwimmen.at\/wp\/","logo":{"@type":"ImageObject","inLanguage":"de","@id":"https:\/\/www.wsc-schwimmen.at\/wp\/#\/schema\/logo\/image\/","url":"https:\/\/www.wsc-schwimmen.at\/wp\/wp-content\/uploads\/2011\/01\/wsc_wappen_kl.gif","contentUrl":"https:\/\/www.wsc-schwimmen.at\/wp\/wp-content\/uploads\/2011\/01\/wsc_wappen_kl.gif","width":"118","height":"118","caption":"Wiener Sport-Club Schwimmen"},"image":{"@id":"https:\/\/www.wsc-schwimmen.at\/wp\/#\/schema\/logo\/image\/"},"sameAs":["https:\/\/www.facebook.com\/wsc.schwimmen","https:\/\/de.wikipedia.org\/wiki\/Wiener_Sport-Club"]},{"@type":"Person","@id":"https:\/\/www.wsc-schwimmen.at\/wp\/#\/schema\/person\/d3e14ad70bd903c29d4d35cee6723746","name":"admin","url":"https:\/\/www.wsc-schwimmen.at\/wp\/?author=1"}]}},"jetpack_publicize_connections":[],"jetpack_featured_media_url":"","jetpack_sharing_enabled":true,"jetpack_shortlink":"https:\/\/wp.me\/p8Z6fd-dU","jetpack-related-posts":[],"_links":{"self":[{"href":"https:\/\/www.wsc-schwimmen.at\/wp\/index.php?rest_route=\/wp\/v2\/posts\/862","targetHints":{"allow":["GET"]}}],"collection":[{"href":"https:\/\/www.wsc-schwimmen.at\/wp\/index.php?rest_route=\/wp\/v2\/posts"}],"about":[{"href":"https:\/\/www.wsc-schwimmen.at\/wp\/index.php?rest_route=\/wp\/v2\/types\/post"}],"author":[{"embeddable":true,"href":"https:\/\/www.wsc-schwimmen.at\/wp\/index.php?rest_route=\/wp\/v2\/users\/1"}],"replies":[{"embeddable":true,"href":"https:\/\/www.wsc-schwimmen.at\/wp\/index.php?rest_route=%2Fwp%2Fv2%2Fcomments&post=862"}],"version-history":[{"count":10,"href":"https:\/\/www.wsc-schwimmen.at\/wp\/index.php?rest_route=\/wp\/v2\/posts\/862\/revisions"}],"predecessor-version":[{"id":871,"href":"https:\/\/www.wsc-schwimmen.at\/wp\/index.php?rest_route=\/wp\/v2\/posts\/862\/revisions\/871"}],"wp:attachment":[{"href":"https:\/\/www.wsc-schwimmen.at\/wp\/index.php?rest_route=%2Fwp%2Fv2%2Fmedia&parent=862"}],"wp:term":[{"taxonomy":"category","embeddable":true,"href":"https:\/\/www.wsc-schwimmen.at\/wp\/index.php?rest_route=%2Fwp%2Fv2%2Fcategories&post=862"},{"taxonomy":"post_tag","embeddable":true,"href":"https:\/\/www.wsc-schwimmen.at\/wp\/index.php?rest_route=%2Fwp%2Fv2%2Ftags&post=862"}],"curies":[{"name":"wp","href":"https:\/\/api.w.org\/{rel}","templated":true}]}}